{"id":119361,"date":"2026-09-04T11:03:58","date_gmt":"2026-09-04T17:03:58","guid":{"rendered":"https:\/\/informadorweb.com\/?p=119361"},"modified":"2026-09-04T17:03:59","modified_gmt":"2026-09-04T17:03:59","slug":"ee-uu-miente-para-justificar-su-politica-de-agresion-y-castigo-colectivo-contra-cuba-denuncia-canciller-cubano","status":"publish","type":"post","link":"https:\/\/informadorweb.com\/?p=119361","title":{"rendered":"EE. UU. miente para justificar su pol\u00edtica de agresi\u00f3n y castigo colectivo contra Cuba, denuncia canciller cubano"},"content":{"rendered":"<p>LA HABANA, 3 sep (Xinhua) &#8212; El Gobierno estadounidense miente para justificar su pol\u00edtica de agresi\u00f3n cruel y castigo colectivo contra la poblaci\u00f3n cubana, y provocar deliberadamente una crisis humanitaria en la isla, denunci\u00f3 hoy jueves el canciller de Cuba, Bruno Rodr\u00edguez. \u00abEl secretario de Estado de Estados Unidos lleva dos d\u00edas consecutivos mintiendo sobre Cuba nuevamente. Es su manera y la de su Gobierno de intentar justificar una agresi\u00f3n cruel y despiadada contra el pueblo cubano que no admite excusa pol\u00edtica o moral\u00bb, escribi\u00f3 Rodr\u00edguez en su cuenta de la red social X. El jefe de la diplomacia cubana se\u00f1al\u00f3 que provocar sufrimiento a una poblaci\u00f3n mediante \u00abmedidas fr\u00edamente calculadas\u00bb con el objetivo de inducir una crisis humanitaria es un castigo colectivo y constituye un crimen. \u00abAcaben de poner fin al bloqueo y permitan a Cuba vivir en paz, con sus propios esfuerzos y el concurso unido de su noble y bravo pueblo\u00bb, afirm\u00f3 el ministro cubano. Este jueves, el Departamento de Estado de Estados Unidos anunci\u00f3 sanciones contra el Banco Exterior de Cuba y cuatro empresas de los sectores minero y energ\u00e9tico cubanos. En el comunicado de las sanciones, el secretario de Estado de Estados Unidos, Marco Rubio, afirm\u00f3 que el Gobierno cubano representa una amenaza \u00abprofunda y multifac\u00e9tica\u00bb para la seguridad nacional de Estados Unidos y la estabilidad del hemisferio occidental. Altos cargos cubanos como el presidente del pa\u00eds, Miguel D\u00edaz-Canel, y el mismo canciller Rodr\u00edguez han rechazado declaraciones de Rubio y el Departamento de Estado, y asegurado que Cuba no representa ning\u00fan peligro para Estados Unidos y favorece el di\u00e1logo bilateral, siempre que se respete su soberan\u00eda y el derecho a la autodeterminaci\u00f3n de los cubanos. En los \u00faltimos ocho meses, la Administraci\u00f3n Trump impuso un bloqueo petrolero de facto a la isla y un r\u00e9gimen de sanciones dirigido a autoridades del Gobierno, ministerios, instituciones y las principales industrias cubanas. Fin<\/p>\n","protected":false},"excerpt":{"rendered":"<p>LA HABANA, 3 sep (Xinhua) &#8212; El Gobierno estadounidense miente para justificar su pol\u00edtica de&#8230;<\/p>\n","protected":false},"author":1,"featured_media":0,"comment_status":"closed","ping_status":"closed","sticky":false,"template":"","format":"standard","meta":{"footnotes":""},"categories":[2],"tags":[],"class_list":["post-119361","post","type-post","status-publish","format-standard","hentry","category-internacional"],"_links":{"self":[{"href":"https:\/\/informadorweb.com\/index.php?rest_route=\/wp\/v2\/posts\/119361","targetHints":{"allow":["GET"]}}],"collection":[{"href":"https:\/\/informadorweb.com\/index.php?rest_route=\/wp\/v2\/posts"}],"about":[{"href":"https:\/\/informadorweb.com\/index.php?rest_route=\/wp\/v2\/types\/post"}],"author":[{"embeddable":true,"href":"https:\/\/informadorweb.com\/index.php?rest_route=\/wp\/v2\/users\/1"}],"replies":[{"embeddable":true,"href":"https:\/\/informadorweb.com\/index.php?rest_route=%2Fwp%2Fv2%2Fcomments&post=119361"}],"version-history":[{"count":1,"href":"https:\/\/informadorweb.com\/index.php?rest_route=\/wp\/v2\/posts\/119361\/revisions"}],"predecessor-version":[{"id":119362,"href":"https:\/\/informadorweb.com\/index.php?rest_route=\/wp\/v2\/posts\/119361\/revisions\/119362"}],"wp:attachment":[{"href":"https:\/\/informadorweb.com\/index.php?rest_route=%2Fwp%2Fv2%2Fmedia&parent=119361"}],"wp:term":[{"taxonomy":"category","embeddable":true,"href":"https:\/\/informadorweb.com\/index.php?rest_route=%2Fwp%2Fv2%2Fcategories&post=119361"},{"taxonomy":"post_tag","embeddable":true,"href":"https:\/\/informadorweb.com\/index.php?rest_route=%2Fwp%2Fv2%2Ftags&post=119361"}],"curies":[{"name":"wp","href":"https:\/\/api.w.org\/{rel}","templated":true}]}}