{"id":119355,"date":"2026-09-04T11:02:40","date_gmt":"2026-09-04T17:02:40","guid":{"rendered":"https:\/\/informadorweb.com\/?p=119355"},"modified":"2026-09-04T17:02:41","modified_gmt":"2026-09-04T17:02:41","slug":"resumen-representantes-de-america-latina-y-el-caribe-destacan-valor-de-estadisticas-oficiales-para-gestionar-transformaciones","status":"publish","type":"post","link":"https:\/\/informadorweb.com\/?p=119355","title":{"rendered":"Resumen: Representantes de Am\u00e9rica Latina y el Caribe destacan valor de estad\u00edsticas oficiales para gestionar transformaciones"},"content":{"rendered":"<div class=\"el-scrollbar__wrap\">\n<div class=\"el-scrollbar__view\">\n<div class=\"news-content\" data-v-e79c3ee4=\"\">SANTIAGO, 3 sep (Xinhua) &#8212; Autoridades de los pa\u00edses de Am\u00e9rica Latina y el Caribe destacaron el valor de las estad\u00edsticas para gestionar transformaciones econ\u00f3micas, sociales y ambientales en la regi\u00f3n, durante un encuentro llevado a cabo en la Comisi\u00f3n Econ\u00f3mica para Am\u00e9rica Latina y el Caribe (Cepal), con sede en Santiago de Chile. El organismo internacional acogi\u00f3 este mi\u00e9rcoles y jueves la 25\u00aa reuni\u00f3n intergubernamental del Comit\u00e9 Ejecutivo de la Conferencia Estad\u00edstica de las Am\u00e9ricas, principal foro para la discusi\u00f3n del desarrollo de las estad\u00edsticas en la regi\u00f3n. En sus palabras inaugurales, el secretario ejecutivo de la Cepal, Jos\u00e9 Manuel Salazar-Xirinachs, destac\u00f3 la creaci\u00f3n de una comunidad de cooperaci\u00f3n regional sostenida en el tiempo \u00abque ha acumulado m\u00e9todo y confianza, y que ha convertido el trabajo t\u00e9cnico conjunto en un activo institucional de Am\u00e9rica Latina y el Caribe\u00bb. Desde la Cepal resaltaron el papel de las estad\u00edsticas oficiales como un bien p\u00fablico esencial para el adecuado funcionamiento de las sociedades y la democracia, y como un ingrediente fundamental de las capacidades institucionales y de gobernanza. \u00abNo hay buena pol\u00edtica de desarrollo productivo sin estad\u00edsticas econ\u00f3micas y empresariales s\u00f3lidas, no hay pol\u00edtica de cuidados efectiva sin encuestas de uso del tiempo, no hay pol\u00edticas clim\u00e1ticas en la escala necesaria sin s\u00f3lidas cuentas ambientales, no hay pol\u00edtica social bien focalizada sin datos desagregados\u00bb, afirm\u00f3 el alto funcionario. El secretario ejecutivo record\u00f3 que Am\u00e9rica Latina y el Caribe atraviesa una alta informalidad en el empleo y una crisis de la productividad, seg\u00fan el informe anual \u00abEstudio Econ\u00f3mico de Am\u00e9rica Latina y el Caribe 2026\u00bb. En este escenario, declar\u00f3 que \u00abla calidad del diagn\u00f3stico sobre la informalidad, una de las caracter\u00edsticas centrales del empleo en la regi\u00f3n, y ciertamente un reto multidimensional, depende directamente de la calidad, periodicidad y comparabilidad de los instrumentos estad\u00edsticos que se dise\u00f1an y levantan\u00bb. Por su parte, Marcelo Bisogno, director t\u00e9cnico del Instituto Nacional de Estad\u00edsticas (INE) de Uruguay, valor\u00f3 en un discurso el \u00abactivo estrat\u00e9gico\u00bb que representa la solidaridad que mantienen los sistemas estad\u00edsticos de la regi\u00f3n. \u00abVivimos en una era en la que la verdad misma est\u00e1 en disputa. En este contexto, un dato confiable, producido con independencia, rigor y transparencia no es solo un insumo t\u00e9cnico, es un acto de defensa de la confianza p\u00fablica\u00bb, sostuvo Bisogno en su presentaci\u00f3n. Los representantes de las oficinas nacionales de estad\u00edstica de la regi\u00f3n analizan durante dos jornadas los avances y desaf\u00edos regionales en la implementaci\u00f3n de encuestas de hogares, como uno de los principales instrumentos para la producci\u00f3n de estad\u00edsticas oficiales. Asimismo, evaluan diversas estrategias para fortalecer las capacidades institucionales en los sistemas estad\u00edsticos nacionales. Fin<\/div>\n<\/div>\n<\/div>\n<div class=\"el-scrollbar__bar is-horizontal\"><\/div>\n","protected":false},"excerpt":{"rendered":"<p>SANTIAGO, 3 sep (Xinhua) &#8212; Autoridades de los pa\u00edses de Am\u00e9rica Latina y el Caribe&#8230;<\/p>\n","protected":false},"author":1,"featured_media":0,"comment_status":"closed","ping_status":"closed","sticky":false,"template":"","format":"standard","meta":{"footnotes":""},"categories":[2],"tags":[],"class_list":["post-119355","post","type-post","status-publish","format-standard","hentry","category-internacional"],"_links":{"self":[{"href":"https:\/\/informadorweb.com\/index.php?rest_route=\/wp\/v2\/posts\/119355","targetHints":{"allow":["GET"]}}],"collection":[{"href":"https:\/\/informadorweb.com\/index.php?rest_route=\/wp\/v2\/posts"}],"about":[{"href":"https:\/\/informadorweb.com\/index.php?rest_route=\/wp\/v2\/types\/post"}],"author":[{"embeddable":true,"href":"https:\/\/informadorweb.com\/index.php?rest_route=\/wp\/v2\/users\/1"}],"replies":[{"embeddable":true,"href":"https:\/\/informadorweb.com\/index.php?rest_route=%2Fwp%2Fv2%2Fcomments&post=119355"}],"version-history":[{"count":1,"href":"https:\/\/informadorweb.com\/index.php?rest_route=\/wp\/v2\/posts\/119355\/revisions"}],"predecessor-version":[{"id":119356,"href":"https:\/\/informadorweb.com\/index.php?rest_route=\/wp\/v2\/posts\/119355\/revisions\/119356"}],"wp:attachment":[{"href":"https:\/\/informadorweb.com\/index.php?rest_route=%2Fwp%2Fv2%2Fmedia&parent=119355"}],"wp:term":[{"taxonomy":"category","embeddable":true,"href":"https:\/\/informadorweb.com\/index.php?rest_route=%2Fwp%2Fv2%2Fcategories&post=119355"},{"taxonomy":"post_tag","embeddable":true,"href":"https:\/\/informadorweb.com\/index.php?rest_route=%2Fwp%2Fv2%2Ftags&post=119355"}],"curies":[{"name":"wp","href":"https:\/\/api.w.org\/{rel}","templated":true}]}}