{"id":119353,"date":"2026-09-04T11:02:18","date_gmt":"2026-09-04T17:02:18","guid":{"rendered":"https:\/\/informadorweb.com\/?p=119353"},"modified":"2026-09-04T17:02:20","modified_gmt":"2026-09-04T17:02:20","slug":"caf-recauda-fondo-de-nueve-milloens-de-dolares-para-damnificados-por-sismos-en-venezuela","status":"publish","type":"post","link":"https:\/\/informadorweb.com\/?p=119353","title":{"rendered":"CAF recauda fondo de nueve milloens de d\u00f3lares para damnificados por sismos en Venezuela"},"content":{"rendered":"<p>CARACAS, 3 sep (Xinhua) &#8212; El presidente ejecutivo del Banco de Desarrollo de Am\u00e9rica Latina y el Caribe (CAF), Sergio D\u00edaz-Granados, inform\u00f3 este jueves que el fondo creado para apoyar a los afectados por los sismos del 24 de junio en Venezuela ha recaudado alrededor de nueve millones de d\u00f3lares. \u00abHemos recibido m\u00e1s de nueve millones de d\u00f3lares para el fondo y estamos comenzando a implementar los recursos\u00bb, declar\u00f3 desde Caracas en entrevista a un medio local venezolano. D\u00edaz-Granados explic\u00f3 que los recursos provienen de donantes privados y gobiernos, y que ser\u00e1n ejecutados por el banco seg\u00fan las prioridades, con una auditor\u00eda internacional. La recuperaci\u00f3n de viviendas y escuelas es una de las principales necesidades y una parte de los recursos ya fue entregada a siete organizaciones que operan en La Guaira y trabajan en salud mental, rehabilitaci\u00f3n f\u00edsica, ortopedia y hospitales. La CAF calcula que se requieren entre 17.000 y 22.000 millones de d\u00f3lares entre el sector p\u00fablico y privado para atender las consecuencias de los sismos. Antes de crear el fondo, el organismo hab\u00eda destinado cerca de un mill\u00f3n de d\u00f3lares en ayuda humanitaria. Los sismos de magnitud 7,2 y 7,5 dejaron 6.509 fallecidos y da\u00f1os estimados en 37.000 millones de d\u00f3lares. El banco regional, con sede en Caracas, sufri\u00f3 da\u00f1os en su sede y varios de sus trabajadores perdieron sus viviendas. Fin<\/p>\n","protected":false},"excerpt":{"rendered":"<p>CARACAS, 3 sep (Xinhua) &#8212; El presidente ejecutivo del Banco de Desarrollo de Am\u00e9rica Latina&#8230;<\/p>\n","protected":false},"author":1,"featured_media":0,"comment_status":"closed","ping_status":"closed","sticky":false,"template":"","format":"standard","meta":{"footnotes":""},"categories":[2],"tags":[],"class_list":["post-119353","post","type-post","status-publish","format-standard","hentry","category-internacional"],"_links":{"self":[{"href":"https:\/\/informadorweb.com\/index.php?rest_route=\/wp\/v2\/posts\/119353","targetHints":{"allow":["GET"]}}],"collection":[{"href":"https:\/\/informadorweb.com\/index.php?rest_route=\/wp\/v2\/posts"}],"about":[{"href":"https:\/\/informadorweb.com\/index.php?rest_route=\/wp\/v2\/types\/post"}],"author":[{"embeddable":true,"href":"https:\/\/informadorweb.com\/index.php?rest_route=\/wp\/v2\/users\/1"}],"replies":[{"embeddable":true,"href":"https:\/\/informadorweb.com\/index.php?rest_route=%2Fwp%2Fv2%2Fcomments&post=119353"}],"version-history":[{"count":1,"href":"https:\/\/informadorweb.com\/index.php?rest_route=\/wp\/v2\/posts\/119353\/revisions"}],"predecessor-version":[{"id":119354,"href":"https:\/\/informadorweb.com\/index.php?rest_route=\/wp\/v2\/posts\/119353\/revisions\/119354"}],"wp:attachment":[{"href":"https:\/\/informadorweb.com\/index.php?rest_route=%2Fwp%2Fv2%2Fmedia&parent=119353"}],"wp:term":[{"taxonomy":"category","embeddable":true,"href":"https:\/\/informadorweb.com\/index.php?rest_route=%2Fwp%2Fv2%2Fcategories&post=119353"},{"taxonomy":"post_tag","embeddable":true,"href":"https:\/\/informadorweb.com\/index.php?rest_route=%2Fwp%2Fv2%2Ftags&post=119353"}],"curies":[{"name":"wp","href":"https:\/\/api.w.org\/{rel}","templated":true}]}}