{"id":119343,"date":"2026-09-04T10:59:47","date_gmt":"2026-09-04T16:59:47","guid":{"rendered":"https:\/\/informadorweb.com\/?p=119343"},"modified":"2026-09-04T16:59:48","modified_gmt":"2026-09-04T16:59:48","slug":"fiscalia-de-ecuador-pide-condenar-a-17-por-lavado-de-activos-vinculados-a-organizacion-colombiana-comandos-de-la-frontera","status":"publish","type":"post","link":"https:\/\/informadorweb.com\/?p=119343","title":{"rendered":"Fiscal\u00eda de Ecuador pide condenar a 17 por lavado de activos vinculados a organizaci\u00f3n colombiana \u00abComandos de la Frontera\u00bb"},"content":{"rendered":"<div class=\"el-scrollbar__wrap\">\n<div class=\"el-scrollbar__view\">\n<div class=\"news-content\" data-v-e79c3ee4=\"\">QUITO, 3 sep (Xinhua) &#8212; La Fiscal\u00eda General del Estado de Ecuador solicit\u00f3 hoy jueves a un Tribunal que declare culpables a 17 personas procesadas por presunto lavado de activos en el denominado caso \u00abComandos de la Frontera\u00bb, relacionado con una organizaci\u00f3n criminal colombiana del mismo nombre. El Ministerio P\u00fablico inform\u00f3 en su cuenta de la red social X que el pedido fue presentado tras m\u00e1s de una semana de audiencia de juicio, durante la cual expuso su alegato de cierre en el proceso iniciado en 2024. Precis\u00f3 que, con base en las pruebas presentadas durante el juicio, la Fiscal\u00eda solicit\u00f3 al Tribunal que emita una sentencia condenatoria contra los procesados, con las agravantes que correspondan, as\u00ed como la disoluci\u00f3n y clausura de las cinco empresas involucradas en el caso. Seg\u00fan la Fiscal\u00eda, el caso est\u00e1 relacionado con una estructura familiar que, de acuerdo con las investigaciones, habr\u00eda movilizado 397,8 millones de d\u00f3lares del tr\u00e1fico de drogas al sistema financiero. Indic\u00f3 que la presunta red habr\u00eda utilizado actividades econ\u00f3micas registradas en el Servicio de Rentas Internas (SRI), a trav\u00e9s de las empresas procesadas, \u00abpara dar apariencia de legalidad a recursos de presunto origen il\u00edcito\u00bb. Entre los investigados figura Roberto Carlos \u00c1. V., alias \u00abEl Gerente\u00bb, se\u00f1alado como el presunto l\u00edder de la estructura. Alias \u00abEl Gerente\u00bb, l\u00edder en Ecuador del grupo armado colombiano \u00abComandos de la Frontera\u00bb, lleg\u00f3 el 30 de diciembre de 2025 extraditado al pa\u00eds, tras haber sido detenido en junio de ese a\u00f1o en Emiratos \u00c1rabes Unidos. La Fiscal\u00eda detall\u00f3 que las investigaciones determinaron que, entre 2015 y 2025, los procesados presuntamente adquirieron alrededor de 3 millones de d\u00f3lares en bienes muebles, veh\u00edculos y enseres, adem\u00e1s de 8,6 millones de d\u00f3lares en especies bovinas, porcinas y equinas. Tambi\u00e9n habr\u00edan adquirido bienes inmuebles valorados entre 200.000 y 20 millones de d\u00f3lares, aproximadamente, por cada procesado, seg\u00fan la informaci\u00f3n divulgada por la Fiscal\u00eda. Fin<\/div>\n<\/div>\n<\/div>\n<div class=\"el-scrollbar__bar is-horizontal\"><\/div>\n","protected":false},"excerpt":{"rendered":"<p>QUITO, 3 sep (Xinhua) &#8212; La Fiscal\u00eda General del Estado de Ecuador solicit\u00f3 hoy jueves&#8230;<\/p>\n","protected":false},"author":1,"featured_media":0,"comment_status":"closed","ping_status":"closed","sticky":false,"template":"","format":"standard","meta":{"footnotes":""},"categories":[2],"tags":[],"class_list":["post-119343","post","type-post","status-publish","format-standard","hentry","category-internacional"],"_links":{"self":[{"href":"https:\/\/informadorweb.com\/index.php?rest_route=\/wp\/v2\/posts\/119343","targetHints":{"allow":["GET"]}}],"collection":[{"href":"https:\/\/informadorweb.com\/index.php?rest_route=\/wp\/v2\/posts"}],"about":[{"href":"https:\/\/informadorweb.com\/index.php?rest_route=\/wp\/v2\/types\/post"}],"author":[{"embeddable":true,"href":"https:\/\/informadorweb.com\/index.php?rest_route=\/wp\/v2\/users\/1"}],"replies":[{"embeddable":true,"href":"https:\/\/informadorweb.com\/index.php?rest_route=%2Fwp%2Fv2%2Fcomments&post=119343"}],"version-history":[{"count":1,"href":"https:\/\/informadorweb.com\/index.php?rest_route=\/wp\/v2\/posts\/119343\/revisions"}],"predecessor-version":[{"id":119344,"href":"https:\/\/informadorweb.com\/index.php?rest_route=\/wp\/v2\/posts\/119343\/revisions\/119344"}],"wp:attachment":[{"href":"https:\/\/informadorweb.com\/index.php?rest_route=%2Fwp%2Fv2%2Fmedia&parent=119343"}],"wp:term":[{"taxonomy":"category","embeddable":true,"href":"https:\/\/informadorweb.com\/index.php?rest_route=%2Fwp%2Fv2%2Fcategories&post=119343"},{"taxonomy":"post_tag","embeddable":true,"href":"https:\/\/informadorweb.com\/index.php?rest_route=%2Fwp%2Fv2%2Ftags&post=119343"}],"curies":[{"name":"wp","href":"https:\/\/api.w.org\/{rel}","templated":true}]}}