{"id":119341,"date":"2026-09-04T10:59:26","date_gmt":"2026-09-04T16:59:26","guid":{"rendered":"https:\/\/informadorweb.com\/?p=119341"},"modified":"2026-09-04T16:59:27","modified_gmt":"2026-09-04T16:59:27","slug":"eeuu-investiga-ataque-contra-boda-en-iran-informa-vance","status":"publish","type":"post","link":"https:\/\/informadorweb.com\/?p=119341","title":{"rendered":"EEUU investiga ataque contra boda en Ir\u00e1n, informa Vance"},"content":{"rendered":"<p>WASHINGTON, 3 sep (Xinhua) &#8212; El vicepresidente de Estados Unidos, JD Vance, coment\u00f3 hoy jueves que Estados Unidos est\u00e1 investigando un ataque que, seg\u00fan Teher\u00e1n, alcanz\u00f3 una boda celebrada en el sur de Ir\u00e1n, lo que reanud\u00f3 el escrutinio alrededor de las v\u00edctimas civiles consecuencia de las operaciones militares estadounidenses en el pa\u00eds de Medio Oriente. \u00abLo estamos investigando, ya que obviamente nos importa. Queremos saber\u00bb, dijo Vance durante una conferencia de prensa en la Casa Blanca. \u00abSi cometemos errores, de nuevo, esto es una gran diferencia entre nosotros e Ir\u00e1n: Cuando nuestro Ej\u00e9rcito comete errores, aprende de ellos para intentar mejorar\u00bb, agreg\u00f3 Vance. El portavoz del Comando Central de Estados Unidos, Tim Hawkins, afirm\u00f3 el mi\u00e9rcoles que el Ej\u00e9rcito estadounidense investigaba reportes del ataque contra la celebraci\u00f3n nupcial. Los medios iran\u00edes reportaron el mi\u00e9rcoles que el ataque de Estados Unidos ocurrido la noche del martes impact\u00f3 contra la celebraci\u00f3n de una boda en el condado de Sirik, en la provincia de Hormozg\u00e1n, y dej\u00f3 al menos cuatro muertos y 68 heridos. De acuerdo con los reportes, un misil estadounidense impact\u00f3 contra una casa donde docenas de personas se reunieron para celebrar la boda de la hija de un pescador. El portavoz del Ministerio de Relaciones Exteriores, Esmaeil Baghaei, describi\u00f3 el mi\u00e9rcoles al ataque como \u00abun intento desesperado de Estados Unidos por esconder su fracaso\u00bb. El 28 de febrero, el primer d\u00eda de la guerra conjunta entre Estados Unidos e Israel contra Ir\u00e1n, un ataque impact\u00f3 contra una escuela secundaria de ni\u00f1as en Minab, sur de Ir\u00e1n, lo que dej\u00f3 186 muertos, en su mayor\u00eda infantes, de acuerdo con las autoridades iran\u00edes. Evidencia de investigaciones subsecuentes se\u00f1ala a un misil Tomahawk estadounidense como el arma usada durante el ataque. Fin<\/p>\n","protected":false},"excerpt":{"rendered":"<p>WASHINGTON, 3 sep (Xinhua) &#8212; El vicepresidente de Estados Unidos, JD Vance, coment\u00f3 hoy jueves&#8230;<\/p>\n","protected":false},"author":1,"featured_media":0,"comment_status":"closed","ping_status":"closed","sticky":false,"template":"","format":"standard","meta":{"footnotes":""},"categories":[2],"tags":[],"class_list":["post-119341","post","type-post","status-publish","format-standard","hentry","category-internacional"],"_links":{"self":[{"href":"https:\/\/informadorweb.com\/index.php?rest_route=\/wp\/v2\/posts\/119341","targetHints":{"allow":["GET"]}}],"collection":[{"href":"https:\/\/informadorweb.com\/index.php?rest_route=\/wp\/v2\/posts"}],"about":[{"href":"https:\/\/informadorweb.com\/index.php?rest_route=\/wp\/v2\/types\/post"}],"author":[{"embeddable":true,"href":"https:\/\/informadorweb.com\/index.php?rest_route=\/wp\/v2\/users\/1"}],"replies":[{"embeddable":true,"href":"https:\/\/informadorweb.com\/index.php?rest_route=%2Fwp%2Fv2%2Fcomments&post=119341"}],"version-history":[{"count":1,"href":"https:\/\/informadorweb.com\/index.php?rest_route=\/wp\/v2\/posts\/119341\/revisions"}],"predecessor-version":[{"id":119342,"href":"https:\/\/informadorweb.com\/index.php?rest_route=\/wp\/v2\/posts\/119341\/revisions\/119342"}],"wp:attachment":[{"href":"https:\/\/informadorweb.com\/index.php?rest_route=%2Fwp%2Fv2%2Fmedia&parent=119341"}],"wp:term":[{"taxonomy":"category","embeddable":true,"href":"https:\/\/informadorweb.com\/index.php?rest_route=%2Fwp%2Fv2%2Fcategories&post=119341"},{"taxonomy":"post_tag","embeddable":true,"href":"https:\/\/informadorweb.com\/index.php?rest_route=%2Fwp%2Fv2%2Ftags&post=119341"}],"curies":[{"name":"wp","href":"https:\/\/api.w.org\/{rel}","templated":true}]}}