{"id":119327,"date":"2026-09-04T10:54:57","date_gmt":"2026-09-04T16:54:57","guid":{"rendered":"https:\/\/informadorweb.com\/?p=119327"},"modified":"2026-09-04T16:54:58","modified_gmt":"2026-09-04T16:54:58","slug":"productores-brasilenos-de-carne-alertan-sobre-impacto-del-bloqueo-de-la-ue-a-exportaciones","status":"publish","type":"post","link":"https:\/\/informadorweb.com\/?p=119327","title":{"rendered":"Productores brasile\u00f1os de carne alertan sobre impacto del bloqueo de la UE a exportaciones"},"content":{"rendered":"<p>SAO PAULO, 3 sep (Xinhua) &#8212; Productores y representantes de la industria brasile\u00f1a de carne expresaron este jueves su preocupaci\u00f3n por el impacto que tendr\u00e1 en las exportaciones y en la imagen sanitaria del pa\u00eds el bloqueo de la Uni\u00f3n Europea (UE) a productos de origen animal procedentes de Brasil. La suspensi\u00f3n, que entr\u00f3 en vigor este jueves, impide el ingreso al bloque de carne bovina, porcina y aviar, adem\u00e1s de miel, huevos y pescados procedentes de Brasil, debido a que la UE argumenta desde junio que el pa\u00eds no present\u00f3 garant\u00edas suficientes sobre el cumplimiento de normas para el uso de medicamentos antimicrobianos. En el estado de Rio Grande do Sul, en el sur de Brasil, productores y representantes de la industria reunidos en la Expointer, una de las principales ferias agropecuarias del pa\u00eds, manifestaron su inquietud ante una medida que consideran especialmente sensible por la importancia del mercado europeo y por el efecto que sus exigencias pueden tener sobre la reputaci\u00f3n internacional de la producci\u00f3n brasile\u00f1a. \u00abLa Uni\u00f3n Europea, lamentablemente, nos tom\u00f3 por sorpresa\u00bb, afirm\u00f3 Ronei Lauxen, presidente ejecutivo del Sindicato de la Industria de Carnes y Derivados de Rio Grande do Sul (Sicadergs). Sobre todo porque la decisi\u00f3n fue tomada luego de que en mayo entrara en vigor el acuerdo de libre comercio entre el Mercado Com\u00fan del Sur (Mercosur) y la Uni\u00f3n Europea, aunque apenas Brasil fue el sancionado del bloque sudamericano. La Asociaci\u00f3n Brasile\u00f1a de Industrias Exportadoras de Carne (ABIEC) dijo este jueves que ve con preocupaci\u00f3n la interrupci\u00f3n de las exportaciones y se\u00f1al\u00f3 que trabaja junto con el Ministerio de Agricultura y Ganader\u00eda para que Brasil vuelva a ser incluido en la lista de pa\u00edses habilitados. Por su parte, la Confederaci\u00f3n de Agricultura y Ganader\u00eda de Brasil (CNA) inform\u00f3 que hab\u00eda enviado comunicaciones al Gobierno y al Congreso alertando sobre los perjuicios para el sector agropecuario. La entidad cuestion\u00f3 que la suspensi\u00f3n ignore el rigor del sistema brasile\u00f1o de defensa e inspecci\u00f3n sanitaria y genere una distorsi\u00f3n en el acceso al mercado europeo. En 2025, Brasil fue el segundo mayor exportador de carne bovina a la Uni\u00f3n Europea, con m\u00e1s de 92.000 toneladas enviadas al bloque. Ante las restricciones, productores brasile\u00f1os prev\u00e9n reforzar el mercado interno y aumentar las inversiones para elevar la productividad. Seg\u00fan Anderson Fernandes, presidente del consejo t\u00e9cnico de la raza Santa Gertrudis, es necesaria una mayor incorporaci\u00f3n de tecnolog\u00eda para hacer frente a las nuevas barreras comerciales. En la Expointer, la empresaria ganadera Paula Saraiva consider\u00f3 que la medida genera preocupaci\u00f3n por las inversiones realizadas por los productores. Fin<\/p>\n","protected":false},"excerpt":{"rendered":"<p>SAO PAULO, 3 sep (Xinhua) &#8212; Productores y representantes de la industria brasile\u00f1a de carne&#8230;<\/p>\n","protected":false},"author":1,"featured_media":0,"comment_status":"closed","ping_status":"closed","sticky":false,"template":"","format":"standard","meta":{"footnotes":""},"categories":[2],"tags":[],"class_list":["post-119327","post","type-post","status-publish","format-standard","hentry","category-internacional"],"_links":{"self":[{"href":"https:\/\/informadorweb.com\/index.php?rest_route=\/wp\/v2\/posts\/119327","targetHints":{"allow":["GET"]}}],"collection":[{"href":"https:\/\/informadorweb.com\/index.php?rest_route=\/wp\/v2\/posts"}],"about":[{"href":"https:\/\/informadorweb.com\/index.php?rest_route=\/wp\/v2\/types\/post"}],"author":[{"embeddable":true,"href":"https:\/\/informadorweb.com\/index.php?rest_route=\/wp\/v2\/users\/1"}],"replies":[{"embeddable":true,"href":"https:\/\/informadorweb.com\/index.php?rest_route=%2Fwp%2Fv2%2Fcomments&post=119327"}],"version-history":[{"count":1,"href":"https:\/\/informadorweb.com\/index.php?rest_route=\/wp\/v2\/posts\/119327\/revisions"}],"predecessor-version":[{"id":119328,"href":"https:\/\/informadorweb.com\/index.php?rest_route=\/wp\/v2\/posts\/119327\/revisions\/119328"}],"wp:attachment":[{"href":"https:\/\/informadorweb.com\/index.php?rest_route=%2Fwp%2Fv2%2Fmedia&parent=119327"}],"wp:term":[{"taxonomy":"category","embeddable":true,"href":"https:\/\/informadorweb.com\/index.php?rest_route=%2Fwp%2Fv2%2Fcategories&post=119327"},{"taxonomy":"post_tag","embeddable":true,"href":"https:\/\/informadorweb.com\/index.php?rest_route=%2Fwp%2Fv2%2Ftags&post=119327"}],"curies":[{"name":"wp","href":"https:\/\/api.w.org\/{rel}","templated":true}]}}