{"id":119317,"date":"2026-09-04T10:52:58","date_gmt":"2026-09-04T16:52:58","guid":{"rendered":"https:\/\/informadorweb.com\/?p=119317"},"modified":"2026-09-04T16:52:59","modified_gmt":"2026-09-04T16:52:59","slug":"carlos-vila-nova-presta-juramento-para-segundo-mandato-como-presidente-de-santo-tome-y-principe","status":"publish","type":"post","link":"https:\/\/informadorweb.com\/?p=119317","title":{"rendered":"Carlos Vila Nova presta juramento para segundo mandato como presidente de Santo Tom\u00e9 y Pr\u00edncipe"},"content":{"rendered":"<p>SANTO TOM\u00c9, 3 sep (Xinhua) &#8212; Carlos Vila Nova prest\u00f3 juramento hoy jueves como presidente de Santo Tom\u00e9 y Pr\u00edncipe para un segundo mandato de cinco a\u00f1os. La ceremonia de investidura tuvo lugar en la Asamblea Nacional del pa\u00eds y cont\u00f3 con la presencia de jefes de Estado y altos funcionarios de los gobiernos de la Rep\u00fablica Democr\u00e1tica del Congo, Gab\u00f3n, Portugal, Mozambique y de otros pa\u00edses. Vila Nova se comprometi\u00f3 a acatar y defender la Constituci\u00f3n del pa\u00eds y sus leyes, defender la independencia nacional, y promover el progreso econ\u00f3mico, social y cultural del pueblo santotomense. Santo Tom\u00e9 y Pr\u00edncipe llev\u00f3 a cabo su elecci\u00f3n presidencial el 19 de julio. Vila Nova fue reelegido en la primera ronda con 55,88 por ciento de los votos. Fin<\/p>\n","protected":false},"excerpt":{"rendered":"<p>SANTO TOM\u00c9, 3 sep (Xinhua) &#8212; Carlos Vila Nova prest\u00f3 juramento hoy jueves como presidente&#8230;<\/p>\n","protected":false},"author":1,"featured_media":0,"comment_status":"closed","ping_status":"closed","sticky":false,"template":"","format":"standard","meta":{"footnotes":""},"categories":[2],"tags":[],"class_list":["post-119317","post","type-post","status-publish","format-standard","hentry","category-internacional"],"_links":{"self":[{"href":"https:\/\/informadorweb.com\/index.php?rest_route=\/wp\/v2\/posts\/119317","targetHints":{"allow":["GET"]}}],"collection":[{"href":"https:\/\/informadorweb.com\/index.php?rest_route=\/wp\/v2\/posts"}],"about":[{"href":"https:\/\/informadorweb.com\/index.php?rest_route=\/wp\/v2\/types\/post"}],"author":[{"embeddable":true,"href":"https:\/\/informadorweb.com\/index.php?rest_route=\/wp\/v2\/users\/1"}],"replies":[{"embeddable":true,"href":"https:\/\/informadorweb.com\/index.php?rest_route=%2Fwp%2Fv2%2Fcomments&post=119317"}],"version-history":[{"count":1,"href":"https:\/\/informadorweb.com\/index.php?rest_route=\/wp\/v2\/posts\/119317\/revisions"}],"predecessor-version":[{"id":119318,"href":"https:\/\/informadorweb.com\/index.php?rest_route=\/wp\/v2\/posts\/119317\/revisions\/119318"}],"wp:attachment":[{"href":"https:\/\/informadorweb.com\/index.php?rest_route=%2Fwp%2Fv2%2Fmedia&parent=119317"}],"wp:term":[{"taxonomy":"category","embeddable":true,"href":"https:\/\/informadorweb.com\/index.php?rest_route=%2Fwp%2Fv2%2Fcategories&post=119317"},{"taxonomy":"post_tag","embeddable":true,"href":"https:\/\/informadorweb.com\/index.php?rest_route=%2Fwp%2Fv2%2Ftags&post=119317"}],"curies":[{"name":"wp","href":"https:\/\/api.w.org\/{rel}","templated":true}]}}