{"id":119315,"date":"2026-09-04T10:52:23","date_gmt":"2026-09-04T16:52:23","guid":{"rendered":"https:\/\/informadorweb.com\/?p=119315"},"modified":"2026-09-04T16:52:26","modified_gmt":"2026-09-04T16:52:26","slug":"previsiones-informativas-semanales-para-america-latina-y-el-caribe-22","status":"publish","type":"post","link":"https:\/\/informadorweb.com\/?p=119315","title":{"rendered":"Previsiones informativas semanales para Am\u00e9rica Latina y el Caribe"},"content":{"rendered":"<p>M\u00c9XICO, 3 sep (Xinhua) &#8212; Transmitimos las previsiones semanales para Am\u00e9rica Latina y el Caribe del 6 al 12 de septiembre de 2026.<br \/>\nDomingo, 6 de septiembre<br \/>\nBRASIL &#8212; Primer Congreso de la Asociaci\u00f3n Latinoamericana de Investigaci\u00f3n en Educaci\u00f3n \u00abALIE 2026\u00bb, un espacio para reflexionar en torno a los problemas educativos en Am\u00e9rica Latina y el Caribe, en la Universidad Federal de Paran\u00e1, en la ciudad de Curitiba (al 9 de septiembre).<br \/>\nCOLOMBIA &#8212; Termina la Semana de la Juventud con una programaci\u00f3n que incluye m\u00e1s de 170 actividades de tipo art\u00edstico, acad\u00e9mico, cultural y deportivo, en distintos escenarios de la ciudad de Medell\u00edn.<br \/>\nECUADOR &#8212; Fiesta de la Jora en homenaje a la bebida andina chicha para resaltar su importancia como representaci\u00f3n de la identidad ind\u00edgena y la vida comunitaria, en la ciudad de Cotacachi (al 28 de septiembre).<br \/>\nM\u00c9XICO &#8212; Concluye el Encuentro Internacional del Mariachi y la Charrer\u00eda 2026, una actividad que tiene m\u00e1s de tres d\u00e9cadas de proyectar la cultura charra con galas sinf\u00f3nicas, campeonato charro y conciertos gratuitos, en la ciudad de Guadalajara.<br \/>\nM\u00c9XICO &#8212; Llega a su fin el Festival del Pulque, Gastronom\u00eda T\u00edpica y Mezcal 2026 que tiene por objetivo mostrar las bebidas tradicionales mexicanas y la culinaria regional, en la Ciudad de M\u00e9xico.<br \/>\nM\u00c9XICO &#8212; Finaliza una edici\u00f3n m\u00e1s del \u00abHay Festival Quer\u00e9taro 2026\u00bb con una gama de actividades culturales y recreativas pensadas en las nuevas generaciones, en el central estado de Quer\u00e9taro.<br \/>\nLunes, 7 de septiembre<br \/>\nBRASIL &#8212; Feriado Nacional por el D\u00eda de la Independencia que servir\u00e1 como marco para que el presidente Luiz In\u00e1cio Lula da Silva encabece una serie de actos conmemorativos como el desfile militar en la Esplanada de los Ministerios, en la ciudad de Brasilia.<br \/>\nM\u00c9XICO &#8212; VII Congreso Internacional de Energ\u00eda \u00abRefinaci\u00f3n, Gas y Petoqu\u00edmica\u00bb Veracruz 2026, que reunir\u00e1 a autoridades y directivos para tratar el futuro de la producci\u00f3n de combustibles en la regi\u00f3n, en el \u00abWorld Trade Center\u00bb del puerto mexicano (al 12 de septiembre).<br \/>\nM\u00c9XICO &#8212; Encuentro sobre cuidados de la salud \u00abBePharma\u00bb que reunir\u00e1 a representantes de empresas del ramo para explorar oportunidades mediante el intercambio de productos, activos y servicios, en la Ciudad de M\u00e9xico (al 8 de septiembre).<br \/>\nMartes, 8 de septiembre<br \/>\nARGENTINA &#8212; Conferencia de Tecnolog\u00eda en Refinaci\u00f3n de Am\u00e9rica Latina \u00abLARTC Conference 2026\u00bb para intercambiar conocimientos entre representantes de la industria petroqu\u00edmica en la regi\u00f3n, en la ciudad de Buenos Aires (al 10 de septiembre).<br \/>\nBRASIL &#8212; El Banco Central divulgar\u00e1 la encuesta Focus con las previsiones de las principales instituciones financieras del pa\u00eds sobre las tendencias de la econom\u00eda brasile\u00f1a.<br \/>\nBRASIL &#8212; Encuentro de agentes de cambio \u00abImpact Minds 2026\u00bb que reunir\u00e1 a l\u00edderes sociales, corporativos y emprendedores del continente para reflexionar en torno a los desaf\u00edos de Am\u00e9rica Latina, en la ciudad de Manaos (al 11 de septiembre).<br \/>\nM\u00c9XICO &#8212; Feria internacional de productos chinos \u00abChina Homelife Mexico Expo 2026\u00bb, una plataforma de proyecci\u00f3n de fabricantes de la naci\u00f3n asi\u00e1tica con enfoque en la calidad y las relaciones entre organizaciones, en la Ciudad de M\u00e9xico (al 10 de septiembre).<br \/>\nMi\u00e9rcoles, 9 de septiembre<br \/>\nBRASIL &#8212; La Asociaci\u00f3n Nacional de Fabricantes de Veh\u00edculos Automotores divulgar\u00e1 las cifras de la producci\u00f3n, las ventas y las exportaciones del sector en agosto de 2026.<br \/>\nCHILE &#8212; Congreso Latinoamericano de Inteligencia Artificial, Tecnolog\u00eda y Negocios \u00abExpo Am\u00e9rica Digital\u00bb que convoca a cientos de representantes del \u00e1rea de la transformaci\u00f3n digital, en la ciudad de Santiago (al 10 de septiembre).<br \/>\nCHILE &#8212; Taller regional \u00abEstrategias para aumentar la producci\u00f3n de legumbres y promover su consumo en Sudam\u00e9rica\u00bb para aportar en la transici\u00f3n hacia sistemas agroalimentarios sostenibles y dietas saludables, en la ciudad de Santiago.<br \/>\nM\u00c9XICO &#8212; Reuni\u00f3n Anual de Latinoam\u00e9rica promovida por la Asociaci\u00f3n de Informaci\u00f3n sobre Medicamentos para impulsar iniciativas de investigaci\u00f3n y desarrollo en ciencias de la vida en Am\u00e9rica Latina y el Caribe (al 11 de septiembre).<br \/>\nREP\u00daBLICA DOMINICANA &#8212; Di\u00e1logo regional de pol\u00edtica 2026 \u00abConstruyendo sistemas de salud resilientes en Am\u00e9rica Latina y el Caribe\u00bb centrado en las amenazas naturales que pueden afectar la poblaci\u00f3n, organizado por el Banco Interamericano de Desarrollo (al 11 de septiembre).<br \/>\nREP\u00daBLICA DOMINICANA &#8212; Taller interinstitucional sobre Inclusi\u00f3n Laboral y Fomento del Emprendimiento y Empresarialidad de las Mujeres, impulsado por la Secretar\u00eda Ejecutiva de la Comisi\u00f3n Interamericana de Mujeres de la Organizaci\u00f3n de los Estados Americanos (OEA).<br \/>\nJueves, 10 de septiembre<br \/>\nBRASIL &#8212; Evento del mercado digital \u00abHotmart Fire 2026\u00bb de Am\u00e9rica Latina que reunir\u00e1 a interesados en el campo del marketing con charlas en temas como estrategias de venta, inteligencia artificial y creaci\u00f3n de contenidos, en la ciudad de Belo Horizonte (al 12 de septiembre).<br \/>\nM\u00c9XICO &#8212; Inicio del calendario electoral 2026-2027 rumbo a las elecciones del 6 de junio de 2027, fecha en que deber\u00e1 renovarse la totalidad de la C\u00e1mara de Diputados con 500 integrantes, 17 gubernaturas y miles de cargos locales, seg\u00fan el cronograma del Instituto Nacional Electoral.<br \/>\nViernes, 11 de septiembre<br \/>\nBRASIL &#8212; El Instituto Brasile\u00f1o de Geograf\u00eda y Estad\u00edstica dar\u00e1 a conocer el \u00edndice oficial de inflaci\u00f3n tenido en el octavo mes del a\u00f1o.<br \/>\nEL SALVADOR &#8212; Ejercicio de ciberseguridad \u00abCyber Challenge El Salvador 2026\u00bb, organizado por el Comit\u00e9 Interamericano contra el Terrorismo de la Organizaci\u00f3n de los Estados Americanos (OEA), dirigido a los j\u00f3venes para fortalecer sus competencias (al 12 de septiembre).<br \/>\nM\u00c9XICO &#8212; Feria Artesanal del Caf\u00e9 y Chocolate con representantes de regiones productoras del pa\u00eds para presentar variedades y sabores de estados como Chiapas, Oaxaca y Veracruz, en el tradicional barrio de Coyoac\u00e1n de la capital mexicana (al 13 de septiembre).<br \/>\nURUGUAY &#8212; Apertura de la Exposici\u00f3n Internacional de Ganader\u00eda organizada desde principios del siglo XX por la Asociaci\u00f3n Rural del Uruguay para mostrar razas, mezclas y productos (al 20 de septiembre).<br \/>\nURUGUAY &#8212; El Instituto Nacional de Estad\u00edstica dar\u00e1 a conocer las cifras de la producci\u00f3n industrial correspondientes a julio de 2026.<br \/>\nS\u00e1bado, 12 de septiembre<br \/>\nCOLOMBIA &#8212; Di\u00e1logo musical \u00abJazz al Parque\u00bb que integra tambi\u00e9n ritmos caribe\u00f1os, andinos y de otras corrientes contempor\u00e1neas de naciones como Argentina, Chile, Colombia, Cuba y M\u00e9xico, en la ciudad de Bogot\u00e1 (al 13 de septiembre).<br \/>\nM\u00c9XICO &#8212; Jornada de senderismo micol\u00f3gico en el bosque de Los Dinamos para conocer la diversidad de hongos silvestres de la zona y la importancia del Reino Fungi dentro de este ecosistema que se encuentra en la Ciudad de M\u00e9xico. Fin<\/p>\n","protected":false},"excerpt":{"rendered":"<p>M\u00c9XICO, 3 sep (Xinhua) &#8212; Transmitimos las previsiones semanales para Am\u00e9rica Latina y el Caribe&#8230;<\/p>\n","protected":false},"author":1,"featured_media":0,"comment_status":"closed","ping_status":"closed","sticky":false,"template":"","format":"standard","meta":{"footnotes":""},"categories":[2],"tags":[],"class_list":["post-119315","post","type-post","status-publish","format-standard","hentry","category-internacional"],"_links":{"self":[{"href":"https:\/\/informadorweb.com\/index.php?rest_route=\/wp\/v2\/posts\/119315","targetHints":{"allow":["GET"]}}],"collection":[{"href":"https:\/\/informadorweb.com\/index.php?rest_route=\/wp\/v2\/posts"}],"about":[{"href":"https:\/\/informadorweb.com\/index.php?rest_route=\/wp\/v2\/types\/post"}],"author":[{"embeddable":true,"href":"https:\/\/informadorweb.com\/index.php?rest_route=\/wp\/v2\/users\/1"}],"replies":[{"embeddable":true,"href":"https:\/\/informadorweb.com\/index.php?rest_route=%2Fwp%2Fv2%2Fcomments&post=119315"}],"version-history":[{"count":1,"href":"https:\/\/informadorweb.com\/index.php?rest_route=\/wp\/v2\/posts\/119315\/revisions"}],"predecessor-version":[{"id":119316,"href":"https:\/\/informadorweb.com\/index.php?rest_route=\/wp\/v2\/posts\/119315\/revisions\/119316"}],"wp:attachment":[{"href":"https:\/\/informadorweb.com\/index.php?rest_route=%2Fwp%2Fv2%2Fmedia&parent=119315"}],"wp:term":[{"taxonomy":"category","embeddable":true,"href":"https:\/\/informadorweb.com\/index.php?rest_route=%2Fwp%2Fv2%2Fcategories&post=119315"},{"taxonomy":"post_tag","embeddable":true,"href":"https:\/\/informadorweb.com\/index.php?rest_route=%2Fwp%2Fv2%2Ftags&post=119315"}],"curies":[{"name":"wp","href":"https:\/\/api.w.org\/{rel}","templated":true}]}}