{"id":119313,"date":"2026-09-04T10:51:35","date_gmt":"2026-09-04T16:51:35","guid":{"rendered":"https:\/\/informadorweb.com\/?p=119313"},"modified":"2026-09-04T16:51:37","modified_gmt":"2026-09-04T16:51:37","slug":"premier-israeli-afirma-que-derrocamiento-de-gobierno-de-iran-esta-al-alcance","status":"publish","type":"post","link":"https:\/\/informadorweb.com\/?p=119313","title":{"rendered":"Premier israel\u00ed afirma que derrocamiento de Gobierno de Ir\u00e1n \u00abest\u00e1 al alcance\u00bb"},"content":{"rendered":"<p>JERUSAL\u00c9N, 3 de sep (Xinhua) &#8212; El primer ministro de Israel, Benjamin Netanyahu, afirm\u00f3 hoy jueves que derrocar al Gobierno de Ir\u00e1n se ha vuelto un objetivo principal israel\u00ed, el cual se encuentra \u00abal alcance\u00bb, en medio de la escalada de tensiones regionales. \u00abEstoy convencido de nuestra capacidad para acabar con esta amenaza de una vez por todas. Esto significa derrocar a este r\u00e9gimen\u00bb, coment\u00f3 Netanyahu ante el Estado Mayor General de las Fuerzas de Defensa de Israel durante un evento realizado por el A\u00f1o Nuevo jud\u00edo en Tel Aviv. \u00abEsta es la misi\u00f3n central que a\u00fan tenemos por delante, pero est\u00e1 cerca. No es imposible. Est\u00e1 al alcance\u00bb. Afirm\u00f3 que el liderazgo de Ir\u00e1n se encuentra \u00abm\u00e1s d\u00e9bil que nunca\u00bb y que est\u00e1 \u00abpeleando por su vida\u00bb, y advirti\u00f3 a los enemigos de Israel: \u00abNo se metan con nosotros\u00bb. El 28 de febrero, Israel y Estados Unidos lanzaron ataques conjuntos contra Teher\u00e1n y otras ciudades iran\u00edes. Ir\u00e1n respondi\u00f3 con oleadas de ataques con misiles y ataques con drones dirigidos contra Israel y contra las bases y activos estadounidenses en la regi\u00f3n, y reforz\u00f3 su control sobre el estrecho de Ormuz. En las semanas recientes, Estados Unidos ha intensificado la presi\u00f3n econ\u00f3mica sobre Ir\u00e1n, y el secretario del Tesoro, Scott Bessent, declar\u00f3 un \u00abD\u00eda D econ\u00f3mico\u00bb contra Ir\u00e1n, al anunciar nuevas sanciones destinadas a aislar a\u00fan m\u00e1s su econom\u00eda. Fin<\/p>\n","protected":false},"excerpt":{"rendered":"<p>JERUSAL\u00c9N, 3 de sep (Xinhua) &#8212; El primer ministro de Israel, Benjamin Netanyahu, afirm\u00f3 hoy&#8230;<\/p>\n","protected":false},"author":1,"featured_media":0,"comment_status":"closed","ping_status":"closed","sticky":false,"template":"","format":"standard","meta":{"footnotes":""},"categories":[2],"tags":[],"class_list":["post-119313","post","type-post","status-publish","format-standard","hentry","category-internacional"],"_links":{"self":[{"href":"https:\/\/informadorweb.com\/index.php?rest_route=\/wp\/v2\/posts\/119313","targetHints":{"allow":["GET"]}}],"collection":[{"href":"https:\/\/informadorweb.com\/index.php?rest_route=\/wp\/v2\/posts"}],"about":[{"href":"https:\/\/informadorweb.com\/index.php?rest_route=\/wp\/v2\/types\/post"}],"author":[{"embeddable":true,"href":"https:\/\/informadorweb.com\/index.php?rest_route=\/wp\/v2\/users\/1"}],"replies":[{"embeddable":true,"href":"https:\/\/informadorweb.com\/index.php?rest_route=%2Fwp%2Fv2%2Fcomments&post=119313"}],"version-history":[{"count":1,"href":"https:\/\/informadorweb.com\/index.php?rest_route=\/wp\/v2\/posts\/119313\/revisions"}],"predecessor-version":[{"id":119314,"href":"https:\/\/informadorweb.com\/index.php?rest_route=\/wp\/v2\/posts\/119313\/revisions\/119314"}],"wp:attachment":[{"href":"https:\/\/informadorweb.com\/index.php?rest_route=%2Fwp%2Fv2%2Fmedia&parent=119313"}],"wp:term":[{"taxonomy":"category","embeddable":true,"href":"https:\/\/informadorweb.com\/index.php?rest_route=%2Fwp%2Fv2%2Fcategories&post=119313"},{"taxonomy":"post_tag","embeddable":true,"href":"https:\/\/informadorweb.com\/index.php?rest_route=%2Fwp%2Fv2%2Ftags&post=119313"}],"curies":[{"name":"wp","href":"https:\/\/api.w.org\/{rel}","templated":true}]}}