{"id":119297,"date":"2026-09-04T10:48:31","date_gmt":"2026-09-04T16:48:31","guid":{"rendered":"https:\/\/informadorweb.com\/?p=119297"},"modified":"2026-09-04T16:48:32","modified_gmt":"2026-09-04T16:48:32","slug":"vicepremier-chino-subraya-importancia-de-prevencion-de-desastres-para-abundante-cosecha-de-granos-de-otono","status":"publish","type":"post","link":"https:\/\/informadorweb.com\/?p=119297","title":{"rendered":"Vicepremier chino subraya importancia de prevenci\u00f3n de desastres para abundante cosecha de granos de oto\u00f1o"},"content":{"rendered":"<div class=\"el-scrollbar__wrap\">\n<div class=\"el-scrollbar__view\">\n<div class=\"news-content\" data-v-e79c3ee4=\"\">HOHHOT, 3 sep (Xinhua) &#8212; El vice primer ministro de China, Liu Guozhong, subray\u00f3 la necesidad de intensificar la prevenci\u00f3n y mitigaci\u00f3n de desastres agr\u00edcolas con el fin de garantizar una abundante cosecha de grano en oto\u00f1o. Liu, tambi\u00e9n miembro del Bur\u00f3 Pol\u00edtico del Comit\u00e9 Central del Partido Comunista de China, hizo estos comentarios durante una gira de inspecci\u00f3n realizado del 1 al 3 de septiembre en la regi\u00f3n aut\u00f3noma de Mongolia Interior, localizada en el norte de China. Tras destacar que el grano de oto\u00f1o representa tres cuartas partes de la producci\u00f3n anual de grano y que actualmente se encuentra en un per\u00edodo cr\u00edtico para el crecimiento de la productividad, Liu inst\u00f3 a aplicar una gesti\u00f3n de campo cient\u00edfica y espec\u00edfica para cada regi\u00f3n, as\u00ed como a implementar r\u00e1pidamente medidas para incrementar la producci\u00f3n. Asimismo, el vice primer ministro subray\u00f3 la importancia de fortalecer el monitoreo meteorol\u00f3gico y las detecciones tempranas, mejorar las capacidades de recolecci\u00f3n y secado de grano, y garantizar un control eficaz de plagas y enfermedades. Liu tambi\u00e9n inst\u00f3 a que se potencien al m\u00e1ximo las cooperativas agr\u00edcolas y otras entidades de agricultores, a implementar pol\u00edticas de apoyo sobre la producci\u00f3n de grano de oto\u00f1o y a proteger los ingresos de agricultores que dependen del cultivo de granos. Durante la inspecci\u00f3n, Liu tambi\u00e9n aprendi\u00f3 sobre el desarrollo de tierras de cultivo de alto est\u00e1ndar, la protecci\u00f3n del suelo negro, la revitalizaci\u00f3n de la industria de semillas, el fomento de la tecnolog\u00eda agr\u00edcola y el ahorro de agua en la agricultura. Asimismo, inst\u00f3 a acelerar el uso de inteligencia artificial y el desarrollo de la agricultura inteligente, as\u00ed como fomentar el uso de t\u00e9cnicas de cultivo avanzadas. Fin<\/div>\n<\/div>\n<\/div>\n<div class=\"el-scrollbar__bar is-horizontal\"><\/div>\n","protected":false},"excerpt":{"rendered":"<p>HOHHOT, 3 sep (Xinhua) &#8212; El vice primer ministro de China, Liu Guozhong, subray\u00f3 la&#8230;<\/p>\n","protected":false},"author":1,"featured_media":0,"comment_status":"closed","ping_status":"closed","sticky":false,"template":"","format":"standard","meta":{"footnotes":""},"categories":[2],"tags":[],"class_list":["post-119297","post","type-post","status-publish","format-standard","hentry","category-internacional"],"_links":{"self":[{"href":"https:\/\/informadorweb.com\/index.php?rest_route=\/wp\/v2\/posts\/119297","targetHints":{"allow":["GET"]}}],"collection":[{"href":"https:\/\/informadorweb.com\/index.php?rest_route=\/wp\/v2\/posts"}],"about":[{"href":"https:\/\/informadorweb.com\/index.php?rest_route=\/wp\/v2\/types\/post"}],"author":[{"embeddable":true,"href":"https:\/\/informadorweb.com\/index.php?rest_route=\/wp\/v2\/users\/1"}],"replies":[{"embeddable":true,"href":"https:\/\/informadorweb.com\/index.php?rest_route=%2Fwp%2Fv2%2Fcomments&post=119297"}],"version-history":[{"count":1,"href":"https:\/\/informadorweb.com\/index.php?rest_route=\/wp\/v2\/posts\/119297\/revisions"}],"predecessor-version":[{"id":119298,"href":"https:\/\/informadorweb.com\/index.php?rest_route=\/wp\/v2\/posts\/119297\/revisions\/119298"}],"wp:attachment":[{"href":"https:\/\/informadorweb.com\/index.php?rest_route=%2Fwp%2Fv2%2Fmedia&parent=119297"}],"wp:term":[{"taxonomy":"category","embeddable":true,"href":"https:\/\/informadorweb.com\/index.php?rest_route=%2Fwp%2Fv2%2Fcategories&post=119297"},{"taxonomy":"post_tag","embeddable":true,"href":"https:\/\/informadorweb.com\/index.php?rest_route=%2Fwp%2Fv2%2Ftags&post=119297"}],"curies":[{"name":"wp","href":"https:\/\/api.w.org\/{rel}","templated":true}]}}