{"id":119261,"date":"2026-09-04T10:34:03","date_gmt":"2026-09-04T16:34:03","guid":{"rendered":"https:\/\/informadorweb.com\/?p=119261"},"modified":"2026-09-04T16:34:04","modified_gmt":"2026-09-04T16:34:04","slug":"ministerio-de-comercio-de-china-insta-a-francia-a-detener-implementacion-de-la-ley-contra-la-moda-ultrarrapida","status":"publish","type":"post","link":"https:\/\/informadorweb.com\/?p=119261","title":{"rendered":"Ministerio de Comercio de China insta a Francia a detener implementaci\u00f3n de la ley contra la moda ultrarr\u00e1pida"},"content":{"rendered":"<p>BEIJING, 3 sep (Xinhua) &#8212; Existen sospechas de que la ley francesa contra la moda ultrarr\u00e1pida viola el principio de no discriminaci\u00f3n de la Organizaci\u00f3n Mundial del Comercio, dijo hoy jueves la portavoz del Ministerio de Comercio chino, Huang Ling. Bajo el pretexto de establecer supuestos est\u00e1ndares de \u00abprotecci\u00f3n ambiental\u00bb y \u00absostenibilidad\u00bb, la ley emplea un doble rasero, denunci\u00f3 Huang en una rueda de prensa regular. La vocera inst\u00f3 a Francia a detener de inmediato la implementaci\u00f3n de la ley y a resolver adecuadamente las diferencias en el sector del comercio textil sostenible entre ambas partes mediante un di\u00e1logo igualitario, a fin de crear un entorno de mercado justo y no discriminatorio para las empresas con inversi\u00f3n china. La funcionaria a\u00f1adi\u00f3 que si Francia insiste en seguir adelante con la ley, China tomar\u00e1 las medidas necesarias para salvaguardar los derechos e intereses leg\u00edtimos de las empresas con inversi\u00f3n china y Francia deber\u00e1 asumir todas las consecuencias resultantes. A finales de julio, cuando se le pidi\u00f3 comentar sobre la identificaci\u00f3n expl\u00edcita por parte de funcionarios franceses de plataformas de comercio electr\u00f3nico transfronterizo, incluidas Shein, Temu y AliExpress, como los principales objetivos de la legislaci\u00f3n, el ministerio afirm\u00f3 que la ley impon\u00eda restricciones discriminatorias a las plataformas con inversi\u00f3n china y distorsionaba gravemente la competencia leal vali\u00e9ndose de la legislaci\u00f3n. La cartera declar\u00f3 en julio que la ley constituye una barrera comercial contra China y se desv\u00eda seriamente de los principios de competencia leal y libre comercio que Francia ha defendido p\u00fablicamente. Fin<\/p>\n","protected":false},"excerpt":{"rendered":"<p>BEIJING, 3 sep (Xinhua) &#8212; Existen sospechas de que la ley francesa contra la moda&#8230;<\/p>\n","protected":false},"author":1,"featured_media":0,"comment_status":"closed","ping_status":"closed","sticky":false,"template":"","format":"standard","meta":{"footnotes":""},"categories":[2],"tags":[],"class_list":["post-119261","post","type-post","status-publish","format-standard","hentry","category-internacional"],"_links":{"self":[{"href":"https:\/\/informadorweb.com\/index.php?rest_route=\/wp\/v2\/posts\/119261","targetHints":{"allow":["GET"]}}],"collection":[{"href":"https:\/\/informadorweb.com\/index.php?rest_route=\/wp\/v2\/posts"}],"about":[{"href":"https:\/\/informadorweb.com\/index.php?rest_route=\/wp\/v2\/types\/post"}],"author":[{"embeddable":true,"href":"https:\/\/informadorweb.com\/index.php?rest_route=\/wp\/v2\/users\/1"}],"replies":[{"embeddable":true,"href":"https:\/\/informadorweb.com\/index.php?rest_route=%2Fwp%2Fv2%2Fcomments&post=119261"}],"version-history":[{"count":1,"href":"https:\/\/informadorweb.com\/index.php?rest_route=\/wp\/v2\/posts\/119261\/revisions"}],"predecessor-version":[{"id":119262,"href":"https:\/\/informadorweb.com\/index.php?rest_route=\/wp\/v2\/posts\/119261\/revisions\/119262"}],"wp:attachment":[{"href":"https:\/\/informadorweb.com\/index.php?rest_route=%2Fwp%2Fv2%2Fmedia&parent=119261"}],"wp:term":[{"taxonomy":"category","embeddable":true,"href":"https:\/\/informadorweb.com\/index.php?rest_route=%2Fwp%2Fv2%2Fcategories&post=119261"},{"taxonomy":"post_tag","embeddable":true,"href":"https:\/\/informadorweb.com\/index.php?rest_route=%2Fwp%2Fv2%2Ftags&post=119261"}],"curies":[{"name":"wp","href":"https:\/\/api.w.org\/{rel}","templated":true}]}}