{"id":118991,"date":"2026-09-03T01:21:29","date_gmt":"2026-09-03T07:21:29","guid":{"rendered":"https:\/\/informadorweb.com\/?p=118991"},"modified":"2026-09-03T07:21:31","modified_gmt":"2026-09-03T07:21:31","slug":"mercosur-concluye-reunion-de-cancilleres-sin-acuerdo-sobre-reparto-de-cuotas-con-la-ue","status":"publish","type":"post","link":"https:\/\/informadorweb.com\/?p=118991","title":{"rendered":"Mercosur concluye reuni\u00f3n de cancilleres sin acuerdo sobre reparto de cuotas con la UE"},"content":{"rendered":"<p>MONTEVIDEO, 2 sep (Xinhua) &#8212; Los cancilleres del Mercosur concluyeron este mi\u00e9rcoles en Montevideo una reuni\u00f3n informal sin alcanzar un acuerdo sobre el reparto entre los pa\u00edses del bloque de las cuotas para exportar productos a la Uni\u00f3n Europea (UE) con beneficios arancelarios. El ministro uruguayo de Relaciones Exteriores, Mario Lubetkin, inform\u00f3 en conferencia de prensa que junto a sus colegas acordaron encargar a sus equipos t\u00e9cnicos la b\u00fasqueda de criterios comunes y volver a reunirse presencialmente en Uruguay dentre de 45 a 60 d\u00edas para evaluar los avances. Adem\u00e1s del canciller anfitri\u00f3n, participaron de la reuni\u00f3n organizada por la presidencia por t\u00e9mpore uruguaya, sus pares de Argentina, Pablo Quirno; de Brasil, Mauro Vieira y de Paraguay, Rub\u00e9n Mart\u00ednez Lezcano; y de Bolivia, pa\u00eds en proceso de adhesi\u00f3n, H\u00e9ctor Huanca Guti\u00e9rrez. Seg\u00fan Lubetkin, existe una posici\u00f3n cercana entre Brasil, Argentina y, en parte, Uruguay, mientras que Paraguay mantiene una diferencia importante al proponer que las cuotas sean distribuidas en partes iguales, con 25 por ciento para cada miembro. El acuerdo entre el Mercosur y la UE entr\u00f3 en vigor en mayo y, de acuerdo con cifras citadas por Lubetkin, permiti\u00f3 a Uruguay obtener m\u00e1s de 12 millones de d\u00f3lares por el uso de preferencias arancelarias y otros 15 millones de d\u00f3lares mediante el aprovechamiento de cuotas bajo el mecanismo de \u00abprimero llegado, primero servido\u00bb. Los ministros tambi\u00e9n abordaron la preocupaci\u00f3n del bloque por restricciones sanitarias de la UE que puedan afectar el nuevo marco comercial. La agenda continuar\u00e1 en diciembre con la cumbre del Mercosur en Montevideo, precedida por un foro empresarial Mercosur-UE en Punta del Este y la primera reuni\u00f3n del Consejo de Comercio prevista en el acuerdo entre ambos bloques. El Mercosur y la UE conforman un mercado de m\u00e1s de 750 millones de personas y que representa cerca del 20 por ciento del producto bruto mundial, seg\u00fan datos oficiales. Fin<\/p>\n","protected":false},"excerpt":{"rendered":"<p>MONTEVIDEO, 2 sep (Xinhua) &#8212; Los cancilleres del Mercosur concluyeron este mi\u00e9rcoles en Montevideo una&#8230;<\/p>\n","protected":false},"author":1,"featured_media":0,"comment_status":"closed","ping_status":"closed","sticky":false,"template":"","format":"standard","meta":{"footnotes":""},"categories":[2],"tags":[],"class_list":["post-118991","post","type-post","status-publish","format-standard","hentry","category-internacional"],"_links":{"self":[{"href":"https:\/\/informadorweb.com\/index.php?rest_route=\/wp\/v2\/posts\/118991","targetHints":{"allow":["GET"]}}],"collection":[{"href":"https:\/\/informadorweb.com\/index.php?rest_route=\/wp\/v2\/posts"}],"about":[{"href":"https:\/\/informadorweb.com\/index.php?rest_route=\/wp\/v2\/types\/post"}],"author":[{"embeddable":true,"href":"https:\/\/informadorweb.com\/index.php?rest_route=\/wp\/v2\/users\/1"}],"replies":[{"embeddable":true,"href":"https:\/\/informadorweb.com\/index.php?rest_route=%2Fwp%2Fv2%2Fcomments&post=118991"}],"version-history":[{"count":1,"href":"https:\/\/informadorweb.com\/index.php?rest_route=\/wp\/v2\/posts\/118991\/revisions"}],"predecessor-version":[{"id":118992,"href":"https:\/\/informadorweb.com\/index.php?rest_route=\/wp\/v2\/posts\/118991\/revisions\/118992"}],"wp:attachment":[{"href":"https:\/\/informadorweb.com\/index.php?rest_route=%2Fwp%2Fv2%2Fmedia&parent=118991"}],"wp:term":[{"taxonomy":"category","embeddable":true,"href":"https:\/\/informadorweb.com\/index.php?rest_route=%2Fwp%2Fv2%2Fcategories&post=118991"},{"taxonomy":"post_tag","embeddable":true,"href":"https:\/\/informadorweb.com\/index.php?rest_route=%2Fwp%2Fv2%2Ftags&post=118991"}],"curies":[{"name":"wp","href":"https:\/\/api.w.org\/{rel}","templated":true}]}}