{"id":118961,"date":"2026-09-03T01:12:31","date_gmt":"2026-09-03T07:12:31","guid":{"rendered":"https:\/\/informadorweb.com\/?p=118961"},"modified":"2026-09-03T07:12:33","modified_gmt":"2026-09-03T07:12:33","slug":"uruguay-confirma-a-argentina-relocalizacion-del-proyecto-de-planta-de-hidrogeno-en-paysandu","status":"publish","type":"post","link":"https:\/\/informadorweb.com\/?p=118961","title":{"rendered":"Uruguay confirma a Argentina relocalizaci\u00f3n del proyecto de planta de hidr\u00f3geno en Paysand\u00fa"},"content":{"rendered":"<div class=\"el-scrollbar__wrap\">\n<div class=\"el-scrollbar__view\">\n<div class=\"news-content\" data-v-e79c3ee4=\"\">MONTEVIDEO, 2 sep (Xinhua) &#8212; El ministro uruguayo de Relaciones Exteriores, Mario Lubetkin, confirm\u00f3 hoy a su par argentino, Pablo Quirno, que Uruguay resolvi\u00f3 relocalizar el proyecto de la planta de hidr\u00f3geno de la empresa HIF Global, originalmente previsto en las cercan\u00edas de Paysand\u00fa (noroeste). La decisi\u00f3n fue comunicada por Lubetkin a Quirno tras la firma de un nuevo acuerdo sobre servicios a\u00e9reos entre Uruguay y Argentina, durante una ceremonia en el Palacio Santos, sede de la canciller\u00eda uruguaya en Montevideo. \u00abEl presidente de la Rep\u00fablica (Yamand\u00fa Orsi) nos da indicaciones precisas para relocalizar la planta, a partir de una solicitud de autoridades nacionales, regionales y locales de Argentina\u00bb, afirm\u00f3 Lubetkin. El canciller uruguayo explic\u00f3 que el objetivo es evitar el impacto de \u00abcontaminaci\u00f3n visual\u00bb que gener\u00f3 preocupaci\u00f3n entre habitantes de la ciudad argentina de Col\u00f3n, ubicada frente a Paysand\u00fa, y se\u00f1al\u00f3 que el Gobierno de Uruguay busca \u00abel mejor lugar\u00bb para instalar el proyecto. La iniciativa de HIF Global gener\u00f3 protestas y acciones judiciales en Argentina, entre ellas una denuncia penal vinculada con el eventual impacto ambiental y visual de la planta sobre la ciudad de Col\u00f3n. Hace dos d\u00e9cadas, Uruguay y Argentina protagonizaron un diferendo por la instalaci\u00f3n de la entonces planta de celulosa de Botnia (ahora UPM) en Fray Bentos, sobre las aguas binacionales del r\u00edo Uruguay que lleg\u00f3 a la Corte Internacional de Justicia, que en 2010 descart\u00f3 que Uruguay hubiera incumplido sus obligaciones ambientales. El Gobierno uruguayo anunci\u00f3 que el proyecto de HIF podr\u00eda trasladarse a uno de los predios de la petrolera estatal ANCAP en Paysand\u00fa (390 kil\u00f3metros al noroeste de Montevideo), aunque Lubetkin no precis\u00f3 el nuevo emplazamiento. El asunto fue tratado previamente por autoridades de Uruguay y Argentina. Lubetkin sostuvo que la decisi\u00f3n forma parte de una pol\u00edtica de di\u00e1logo bilateral destinada a resolver dificultades entre ambos pa\u00edses. \u00abCuando se generan problemas, tanto de nuestro lado como del otro, buscamos caminos para avanzar y concretar en beneficio de los ciudadanos de ambos pa\u00edses\u00bb, sostuvo. El proyecto de HIF Global prev\u00e9 una inversi\u00f3n de unos 5.385 millones de d\u00f3lares para producir e-combustibles a partir de hidr\u00f3geno verde y di\u00f3xido de carbono (CO2) reciclado, con una capacidad de hasta 876.000 toneladas de e-metanol. Fin<\/div>\n<\/div>\n<\/div>\n<div class=\"el-scrollbar__bar is-horizontal\"><\/div>\n","protected":false},"excerpt":{"rendered":"<p>MONTEVIDEO, 2 sep (Xinhua) &#8212; El ministro uruguayo de Relaciones Exteriores, Mario Lubetkin, confirm\u00f3 hoy&#8230;<\/p>\n","protected":false},"author":1,"featured_media":0,"comment_status":"closed","ping_status":"closed","sticky":false,"template":"","format":"standard","meta":{"footnotes":""},"categories":[2],"tags":[],"class_list":["post-118961","post","type-post","status-publish","format-standard","hentry","category-internacional"],"_links":{"self":[{"href":"https:\/\/informadorweb.com\/index.php?rest_route=\/wp\/v2\/posts\/118961","targetHints":{"allow":["GET"]}}],"collection":[{"href":"https:\/\/informadorweb.com\/index.php?rest_route=\/wp\/v2\/posts"}],"about":[{"href":"https:\/\/informadorweb.com\/index.php?rest_route=\/wp\/v2\/types\/post"}],"author":[{"embeddable":true,"href":"https:\/\/informadorweb.com\/index.php?rest_route=\/wp\/v2\/users\/1"}],"replies":[{"embeddable":true,"href":"https:\/\/informadorweb.com\/index.php?rest_route=%2Fwp%2Fv2%2Fcomments&post=118961"}],"version-history":[{"count":1,"href":"https:\/\/informadorweb.com\/index.php?rest_route=\/wp\/v2\/posts\/118961\/revisions"}],"predecessor-version":[{"id":118962,"href":"https:\/\/informadorweb.com\/index.php?rest_route=\/wp\/v2\/posts\/118961\/revisions\/118962"}],"wp:attachment":[{"href":"https:\/\/informadorweb.com\/index.php?rest_route=%2Fwp%2Fv2%2Fmedia&parent=118961"}],"wp:term":[{"taxonomy":"category","embeddable":true,"href":"https:\/\/informadorweb.com\/index.php?rest_route=%2Fwp%2Fv2%2Fcategories&post=118961"},{"taxonomy":"post_tag","embeddable":true,"href":"https:\/\/informadorweb.com\/index.php?rest_route=%2Fwp%2Fv2%2Ftags&post=118961"}],"curies":[{"name":"wp","href":"https:\/\/api.w.org\/{rel}","templated":true}]}}