{"id":118955,"date":"2026-09-03T01:10:36","date_gmt":"2026-09-03T07:10:36","guid":{"rendered":"https:\/\/informadorweb.com\/?p=118955"},"modified":"2026-09-03T07:10:37","modified_gmt":"2026-09-03T07:10:37","slug":"especial-sectores-sociales-rechazan-ampliacion-del-estado-de-excepcion-en-bolivia","status":"publish","type":"post","link":"https:\/\/informadorweb.com\/?p=118955","title":{"rendered":"Especial: Sectores sociales rechazan ampliaci\u00f3n del estado de excepci\u00f3n en Bolivia"},"content":{"rendered":"<p>LA PAZ, 2 sep (Xinhua) &#8212; A 18 d\u00edas de que expire el estado de excepci\u00f3n en Bolivia tras 53 d\u00edas de bloqueos entre mayo y junio de este a\u00f1o, sectores sociales manifestaron su rechazo a la ampliaci\u00f3n de la medida impuesta por el Gobierno del presidente Rodrigo Paz Pereira, la cual incluye el despliegue militar en carreteras. La discusi\u00f3n ocurre cuando todav\u00eda persisten problemas que estuvieron en el origen de las movilizaciones como el desabastecimiento de combustibles, las largas filas para acceder al di\u00e9sel, la escasez y encarecimiento del d\u00f3lar y el rechazo al Decreto Supremo 5676 que modific\u00f3 el r\u00e9gimen al esquema de subsidios energ\u00e9ticos para grandes consumidores. El ministro de Defensa, Ernesto Justiniano, fue quien puso este mi\u00e9rcoles sobre la mesa la posibilidad de prolongar el estado de excepci\u00f3n. Justiniano aclar\u00f3 que todav\u00eda no existe una decisi\u00f3n definitiva; sin embargo, sostuvo que existe una tendencia dentro del Gobierno favorable a mantener la medida extraordinaria porque, en su criterio, ha permitido recuperar la normalidad despu\u00e9s de los bloqueos que generaron p\u00e9rdidas millonarias para el pa\u00eds. \u00abCreo que deber\u00edamos nosotros estar en una situaci\u00f3n de estado de excepci\u00f3n, porque ha generado realmente una tranquilidad a la poblaci\u00f3n\u00bb, afirm\u00f3 el ministro de Defensa a periodistas. A su juicio, la presencia de las Fuerzas Armadas ha tenido un efecto disuasorio y ha sido bien recibida por una poblaci\u00f3n que busca recuperar la circulaci\u00f3n y la actividad econ\u00f3mica. \u00abYo creo que la gente est\u00e1 curada (cansada) de los bloqueos. Yo creo que la gente est\u00e1 contenta de estar en un estado de normalidad, de circulaci\u00f3n y que se pueda trabajar\u00bb, se\u00f1al\u00f3. El estado de excepci\u00f3n fue decretado el 20 de junio por el presidente Paz Pereira tras una prolongada ola de marchas y bloqueos convocada por la Central Obrera Boliviana (COB), dirigentes campesinos y otros sectores. La medida tiene una vigencia de 90 d\u00edas y su plazo concluir\u00e1 el 20 de septiembre. El mecanismo constituye una herramienta constitucional extraordinaria para enfrentar situaciones graves de orden p\u00fablico y permite al Ejecutivo movilizar de manera temporal a las Fuerzas Armadas. Tambi\u00e9n incluye restricciones focalizadas, entre ellas a la libre circulaci\u00f3n, con el prop\u00f3sito de restablecer el orden y garantizar el abastecimiento, aunque mantiene vigentes las garant\u00edas fundamentales. Una eventual ampliaci\u00f3n, sin embargo, no depende \u00fanicamente de la voluntad del Poder Ejecutivo. Requerir\u00eda el respaldo de dos tercios de la Asamblea Legislativa Plurinacional, donde el oficialismo no tiene la mayor\u00eda por la ruptura de la alianza con Unidad, convirtiendo el debate en un asunto pol\u00edtico de primera magnitud. La lectura oficial contrasta frontalmente con la de las organizaciones sociales. El dirigente de la Confederaci\u00f3n Sindical \u00danica de Trabajadores Campesinos de Bolivia, Hilari\u00f3n Medrano, rechaz\u00f3 este mi\u00e9rcoles cualquier eventual ampliaci\u00f3n y reclam\u00f3 al Gobierno que concentre sus esfuerzos en resolver el desabastecimiento de combustibles. La organizaci\u00f3n anunci\u00f3 un ampliado nacional para analizar el malestar de sus bases y definir medidas frente a la crisis que atraviesa el pa\u00eds. Medrano consider\u00f3 que prolongar el estado de excepci\u00f3n no significa necesariamente el fin del conflicto social. En la COB, el rechazo tambi\u00e9n tom\u00f3 fuerza. Su m\u00e1ximo ejecutivo, Mario Argollo, cuestion\u00f3 el martes una posible pr\u00f3rroga y vincul\u00f3 el debate con la situaci\u00f3n econ\u00f3mica y las medidas adoptadas por el Ejecutivo. \u00abSer\u00eda muy irresponsable, no podemos vivir en dictadura en un pa\u00eds democr\u00e1tico\u00bb, declar\u00f3 al referirse a la posibilidad de prolongar el estado de excepci\u00f3n. Argollo tambi\u00e9n rechaz\u00f3 el Decreto Supremo 5676, una disposici\u00f3n que ha provocado resistencia entre sectores agroproductivos, transportistas, mineros y gremiales. Para el dirigente obrero, sus efectos repercuten sobre la econom\u00eda de los hogares. Desde el Tr\u00f3pico de Cochabamba, el dirigente cocalero e intercultural Aquilardo Caricari se sum\u00f3 al rechazo, al cuestionar cualquier decisi\u00f3n que pueda derivar en represi\u00f3n y defendi\u00f3 el derecho de la poblaci\u00f3n a protestar contra pol\u00edticas que considere perjudiciales. Tambi\u00e9n asegur\u00f3 que no teme una eventual persecuci\u00f3n pol\u00edtica. Pese al estado de excepci\u00f3n vigente en el pa\u00eds, productores agr\u00edcolas y pobladores de cuatro municipios de Bolivia instalaron la madrugada de este mi\u00e9rcoles bloqueos en carreteras estrat\u00e9gicas de Santa Cruz (oriente) y sus conexiones con Beni (centro-norte) y Cochabamba (centro) en rechazo al Decreto Supremo 5676. Fin<\/p>\n","protected":false},"excerpt":{"rendered":"<p>LA PAZ, 2 sep (Xinhua) &#8212; A 18 d\u00edas de que expire el estado de&#8230;<\/p>\n","protected":false},"author":1,"featured_media":0,"comment_status":"closed","ping_status":"closed","sticky":false,"template":"","format":"standard","meta":{"footnotes":""},"categories":[2],"tags":[],"class_list":["post-118955","post","type-post","status-publish","format-standard","hentry","category-internacional"],"_links":{"self":[{"href":"https:\/\/informadorweb.com\/index.php?rest_route=\/wp\/v2\/posts\/118955","targetHints":{"allow":["GET"]}}],"collection":[{"href":"https:\/\/informadorweb.com\/index.php?rest_route=\/wp\/v2\/posts"}],"about":[{"href":"https:\/\/informadorweb.com\/index.php?rest_route=\/wp\/v2\/types\/post"}],"author":[{"embeddable":true,"href":"https:\/\/informadorweb.com\/index.php?rest_route=\/wp\/v2\/users\/1"}],"replies":[{"embeddable":true,"href":"https:\/\/informadorweb.com\/index.php?rest_route=%2Fwp%2Fv2%2Fcomments&post=118955"}],"version-history":[{"count":1,"href":"https:\/\/informadorweb.com\/index.php?rest_route=\/wp\/v2\/posts\/118955\/revisions"}],"predecessor-version":[{"id":118956,"href":"https:\/\/informadorweb.com\/index.php?rest_route=\/wp\/v2\/posts\/118955\/revisions\/118956"}],"wp:attachment":[{"href":"https:\/\/informadorweb.com\/index.php?rest_route=%2Fwp%2Fv2%2Fmedia&parent=118955"}],"wp:term":[{"taxonomy":"category","embeddable":true,"href":"https:\/\/informadorweb.com\/index.php?rest_route=%2Fwp%2Fv2%2Fcategories&post=118955"},{"taxonomy":"post_tag","embeddable":true,"href":"https:\/\/informadorweb.com\/index.php?rest_route=%2Fwp%2Fv2%2Ftags&post=118955"}],"curies":[{"name":"wp","href":"https:\/\/api.w.org\/{rel}","templated":true}]}}