{"id":118953,"date":"2026-09-03T01:09:51","date_gmt":"2026-09-03T07:09:51","guid":{"rendered":"https:\/\/informadorweb.com\/?p=118953"},"modified":"2026-09-03T07:09:53","modified_gmt":"2026-09-03T07:09:53","slug":"economista-boliviano-adhemar-guzman-ballivian-es-electo-como-nuevo-secretario-general-de-aladi","status":"publish","type":"post","link":"https:\/\/informadorweb.com\/?p=118953","title":{"rendered":"Economista boliviano Adhemar Guzm\u00e1n Ballivi\u00e1n es electo como nuevo secretario general de ALADI"},"content":{"rendered":"<div class=\"el-scrollbar__wrap\">\n<div class=\"el-scrollbar__view\">\n<div class=\"news-content\" data-v-e79c3ee4=\"\">MONTEVIDEO, 2 sep (Xinhua) &#8212; El economista y exministro boliviano, Adhemar Guzm\u00e1n Ballivi\u00e1n, fue electo hoy mi\u00e9rcoles como nuevo secretario general de la Asociaci\u00f3n Latinoamericana de Integraci\u00f3n (ALADI) para el periodo 2026-2029. A trav\u00e9s de un comunicado, el organismo se\u00f1al\u00f3 que la elecci\u00f3n se produjo durante la XX Reuni\u00f3n del Consejo de Ministros de la ALADI, celebrada en Montevideo, en la que participaron cancilleres y representantes de los 13 pa\u00edses miembros de la organizaci\u00f3n. Guzm\u00e1n Ballivi\u00e1n suceder\u00e1 en el cargo al uruguayo Sergio Abreu, quien complet\u00f3 dos mandatos consecutivos en la secretar\u00eda general. El nuevo secretario general es licenciado en administraci\u00f3n de empresas y mag\u00edster en administraci\u00f3n p\u00fablica, y especialista en comercio exterior e integraci\u00f3n regional con experiencia en los sectores p\u00fablico y empresarial. Guzm\u00e1n Ballivi\u00e1n se desempe\u00f1\u00f3 en Bolivia como ministro de Desarrollo Productivo y Econom\u00eda Plural (2020) y como viceministro de Comercio y Log\u00edstica Interna, y de Exportaciones (2019-2020). Su experiencia tambi\u00e9n incluye la presidencia de la empresa estatal energ\u00e9tica ENDE y de la C\u00e1mara de Exportadores de Bolivia y la jefatura de la Confederaci\u00f3n de Empresarios Privados de Bolivia. Tambi\u00e9n actu\u00f3 como asesor internacional de la Comunidad Andina y de la Organizaci\u00f3n de las Naciones Unidas para el Desarrollo Industrial (ONUDI). En su carta de presentaci\u00f3n, Guzm\u00e1n Ballivi\u00e1n se\u00f1al\u00f3 que su especialidad es la articulaci\u00f3n p\u00fablico-privada en materia de comercio exterior, con \u00e9nfasis en la integraci\u00f3n regional y el apoyo a peque\u00f1as y medianas empresas. Creada mediante el Tratado de Montevideo de 1980, la ALADI tiene su sede permanente en la capital uruguaya y est\u00e1 integrada por Argentina, Bolivia, Brasil, Chile, Colombia, Cuba, Ecuador, M\u00e9xico, Panam\u00e1, Paraguay, Per\u00fa, Uruguay y Venezuela. Fin<\/div>\n<\/div>\n<\/div>\n<div class=\"el-scrollbar__bar is-horizontal\"><\/div>\n","protected":false},"excerpt":{"rendered":"<p>MONTEVIDEO, 2 sep (Xinhua) &#8212; El economista y exministro boliviano, Adhemar Guzm\u00e1n Ballivi\u00e1n, fue electo&#8230;<\/p>\n","protected":false},"author":1,"featured_media":0,"comment_status":"closed","ping_status":"closed","sticky":false,"template":"","format":"standard","meta":{"footnotes":""},"categories":[2],"tags":[],"class_list":["post-118953","post","type-post","status-publish","format-standard","hentry","category-internacional"],"_links":{"self":[{"href":"https:\/\/informadorweb.com\/index.php?rest_route=\/wp\/v2\/posts\/118953","targetHints":{"allow":["GET"]}}],"collection":[{"href":"https:\/\/informadorweb.com\/index.php?rest_route=\/wp\/v2\/posts"}],"about":[{"href":"https:\/\/informadorweb.com\/index.php?rest_route=\/wp\/v2\/types\/post"}],"author":[{"embeddable":true,"href":"https:\/\/informadorweb.com\/index.php?rest_route=\/wp\/v2\/users\/1"}],"replies":[{"embeddable":true,"href":"https:\/\/informadorweb.com\/index.php?rest_route=%2Fwp%2Fv2%2Fcomments&post=118953"}],"version-history":[{"count":1,"href":"https:\/\/informadorweb.com\/index.php?rest_route=\/wp\/v2\/posts\/118953\/revisions"}],"predecessor-version":[{"id":118954,"href":"https:\/\/informadorweb.com\/index.php?rest_route=\/wp\/v2\/posts\/118953\/revisions\/118954"}],"wp:attachment":[{"href":"https:\/\/informadorweb.com\/index.php?rest_route=%2Fwp%2Fv2%2Fmedia&parent=118953"}],"wp:term":[{"taxonomy":"category","embeddable":true,"href":"https:\/\/informadorweb.com\/index.php?rest_route=%2Fwp%2Fv2%2Fcategories&post=118953"},{"taxonomy":"post_tag","embeddable":true,"href":"https:\/\/informadorweb.com\/index.php?rest_route=%2Fwp%2Fv2%2Ftags&post=118953"}],"curies":[{"name":"wp","href":"https:\/\/api.w.org\/{rel}","templated":true}]}}