{"id":118949,"date":"2026-09-03T01:08:15","date_gmt":"2026-09-03T07:08:15","guid":{"rendered":"https:\/\/informadorweb.com\/?p=118949"},"modified":"2026-09-03T07:08:17","modified_gmt":"2026-09-03T07:08:17","slug":"presidente-colombiano-confirma-baja-de-23-integrantes-de-disidencias-de-la-guerrilla-en-sureste-del-pais","status":"publish","type":"post","link":"https:\/\/informadorweb.com\/?p=118949","title":{"rendered":"Presidente colombiano confirma baja de 23 integrantes de disidencias de la guerrilla en sureste del pa\u00eds"},"content":{"rendered":"<div class=\"el-scrollbar__wrap\">\n<div class=\"el-scrollbar__view\">\n<div class=\"news-content\" data-v-e79c3ee4=\"\">BOGOT\u00c1, 2 sep (Xinhua) &#8212; La operaci\u00f3n ofensiva de las autoridades colombianas contra disidencias de la extinta guerrilla de las Fuerzas Armadas Revolucionarias de Colombia (FARC) dej\u00f3 23 disidentes muertos y seis capturados en el municipio de Miraflores, perteneciente al departamento del Guaviare (sureste), confirm\u00f3 hoy mi\u00e9rcoles el presidente Abelardo de la Espriella. \u00abLes promet\u00ed enfrentar el terrorismo y lo estoy haciendo. Yo no vine a contemporizar con quienes asesinan, extorsionan, reclutan ni\u00f1os y pretenden imponer su ley por medio de las armas y la dinamita. Vine a derrotarlos como lo promet\u00ed en campa\u00f1a\u00bb, advirti\u00f3 el mandatario, acompa\u00f1ado de la c\u00fapula militar y policial. De la Espriella comparti\u00f3 que la operaci\u00f3n militar denominada \u00abAzar\u00edas\u00bb ha sido la m\u00e1s contundente en la naci\u00f3n sudamericana contra grupos armados ilegales en los \u00faltimos 12 a\u00f1os. Sostuvo que entre los abatidos se encuentra alias \u00abTigre\u00bb, cabecilla del \u00abFrente Carolina Ram\u00edrez\u00bb de las disidencias de las FARC que comanda alias \u00abIv\u00e1n Mordisco\u00bb y que comet\u00eda actos terroristas en las regiones de Guaviare, Amazonas, Putumayo y Caquet\u00e1. El mandatario anunci\u00f3 que esta operaci\u00f3n es apenas el comienzo de su estrategia de seguridad para Colombia y que mientras sea el presidente \u00abno habr\u00e1 marcha atr\u00e1s\u00bb. En el marco de la operaci\u00f3n militar fueron incautados fusiles, ametralladoras, pistolas y explosivos como granadas, equipos de campa\u00f1a y material de guerra. El presidente colombiano envi\u00f3 adem\u00e1s un mensaje a miembros de los grupos armados de Colombia, al advertir que las operaciones en su contra contin\u00faan sin descanso y que solo tienen dos opciones: entregarse a la justicia o ser abatidos por la Fuerza P\u00fablica. \u00abYo no voy a negociar la tranquilidad de los colombianos con bandidos como ustedes. La paz que quiero no implica la rendici\u00f3n de la Rep\u00fablica, implica la rendici\u00f3n de ustedes y el sometimiento total. Quien no lo haga ser\u00e1 dado de baja como en derecho corresponde\u00bb, asever\u00f3. Agradeci\u00f3, adem\u00e1s, a los oficiales que participaron en la operaci\u00f3n y les instruy\u00f3 a continuar con la ofensiva hasta terminar con todas las estructuras criminales y recuperar el territorio nacional. De la Espriella, quien tom\u00f3 posesi\u00f3n como presidente el 7 de agosto pasado, ha ordenado al menos tres bombardeos contra campamentos de la guerrilla del Ej\u00e9rcito de Liberaci\u00f3n Nacional (ELN) y de las disidencias de las FARC. El mandatario puso tambi\u00e9n fin a los procesos de paz que llev\u00f3 a cabo el Gobierno del anterior presidente Gustavo Petro (2022-2026) y autoriz\u00f3 la adhesi\u00f3n de Colombia al Escudo de las Am\u00e9ricas, iniciativa de Estados Unidos contra lo que llama \u00abnarcoterrorismo\u00bb. Fin<\/div>\n<\/div>\n<\/div>\n<div class=\"el-scrollbar__bar is-horizontal\"><\/div>\n","protected":false},"excerpt":{"rendered":"<p>BOGOT\u00c1, 2 sep (Xinhua) &#8212; La operaci\u00f3n ofensiva de las autoridades colombianas contra disidencias de&#8230;<\/p>\n","protected":false},"author":1,"featured_media":0,"comment_status":"closed","ping_status":"closed","sticky":false,"template":"","format":"standard","meta":{"footnotes":""},"categories":[2],"tags":[],"class_list":["post-118949","post","type-post","status-publish","format-standard","hentry","category-internacional"],"_links":{"self":[{"href":"https:\/\/informadorweb.com\/index.php?rest_route=\/wp\/v2\/posts\/118949","targetHints":{"allow":["GET"]}}],"collection":[{"href":"https:\/\/informadorweb.com\/index.php?rest_route=\/wp\/v2\/posts"}],"about":[{"href":"https:\/\/informadorweb.com\/index.php?rest_route=\/wp\/v2\/types\/post"}],"author":[{"embeddable":true,"href":"https:\/\/informadorweb.com\/index.php?rest_route=\/wp\/v2\/users\/1"}],"replies":[{"embeddable":true,"href":"https:\/\/informadorweb.com\/index.php?rest_route=%2Fwp%2Fv2%2Fcomments&post=118949"}],"version-history":[{"count":1,"href":"https:\/\/informadorweb.com\/index.php?rest_route=\/wp\/v2\/posts\/118949\/revisions"}],"predecessor-version":[{"id":118950,"href":"https:\/\/informadorweb.com\/index.php?rest_route=\/wp\/v2\/posts\/118949\/revisions\/118950"}],"wp:attachment":[{"href":"https:\/\/informadorweb.com\/index.php?rest_route=%2Fwp%2Fv2%2Fmedia&parent=118949"}],"wp:term":[{"taxonomy":"category","embeddable":true,"href":"https:\/\/informadorweb.com\/index.php?rest_route=%2Fwp%2Fv2%2Fcategories&post=118949"},{"taxonomy":"post_tag","embeddable":true,"href":"https:\/\/informadorweb.com\/index.php?rest_route=%2Fwp%2Fv2%2Ftags&post=118949"}],"curies":[{"name":"wp","href":"https:\/\/api.w.org\/{rel}","templated":true}]}}