{"id":118947,"date":"2026-09-03T01:07:53","date_gmt":"2026-09-03T07:07:53","guid":{"rendered":"https:\/\/informadorweb.com\/?p=118947"},"modified":"2026-09-03T07:07:54","modified_gmt":"2026-09-03T07:07:54","slug":"jefe-de-onu-expresa-preocupacion-por-recientes-ataques-eeuu-iran","status":"publish","type":"post","link":"https:\/\/informadorweb.com\/?p=118947","title":{"rendered":"Jefe de ONU expresa preocupaci\u00f3n por recientes ataques EEUU-Ir\u00e1n"},"content":{"rendered":"<p>NACIONES UNIDAS, 2 sep (Xinhua) &#8212; El secretario general de la ONU, Ant\u00f3nio Guterres, se encuentra muy preocupado por el nuevo intercambio de ataques ocurridos durante la noche entre Estados Unidos e Ir\u00e1n, inform\u00f3 su vocero hoy mi\u00e9rcoles. \u00abEl secretario general est\u00e1 profundamente alarmado por los reportes de bajas civiles, incluyendo un ataque que, seg\u00fan informes, impact\u00f3 una ceremonia de boda en Ir\u00e1n\u00bb, se\u00f1al\u00f3 el vocero Stephane Dujarric. Guterres condena todos los ataques contra civiles. Reitera que todas las partes deben respetar sus obligaciones de conformidad con el derecho humanitario internacional, incluyendo los principios de distinci\u00f3n, proporcionalidad y precauci\u00f3n, dijo el vocero. \u00abEl secretario general reitera su llamado para un cese inmediato de la acci\u00f3n militar y exhorta a todos los involucrados a mostrar moderaci\u00f3n y a abstenerse de acciones y ret\u00f3rica que pudieran escalar las ya elevadas tensiones\u00bb, inform\u00f3 Dujarric, y observ\u00f3 que pocos pa\u00edses en esta regi\u00f3n son inmunes a esta escalada, ya que el espacio a\u00e9reo e importantes rutas de comercio siguen siendo impactados de forma continua. \u00abUna escalada mayor&#8230; tendr\u00eda consecuencias devastadoras para los civiles y para la regi\u00f3n en general y m\u00e1s all\u00e1\u00bb. Guterres exhort\u00f3 a Estados Unidos e Ir\u00e1n a regresar con urgencia a la diplomacia. Un acuerdo integral y duradero puede ser alcanzado solamente a trav\u00e9s del di\u00e1logo y las negociaciones, afirm\u00f3 el vocero. Fin<\/p>\n","protected":false},"excerpt":{"rendered":"<p>NACIONES UNIDAS, 2 sep (Xinhua) &#8212; El secretario general de la ONU, Ant\u00f3nio Guterres, se&#8230;<\/p>\n","protected":false},"author":1,"featured_media":0,"comment_status":"closed","ping_status":"closed","sticky":false,"template":"","format":"standard","meta":{"footnotes":""},"categories":[2],"tags":[],"class_list":["post-118947","post","type-post","status-publish","format-standard","hentry","category-internacional"],"_links":{"self":[{"href":"https:\/\/informadorweb.com\/index.php?rest_route=\/wp\/v2\/posts\/118947","targetHints":{"allow":["GET"]}}],"collection":[{"href":"https:\/\/informadorweb.com\/index.php?rest_route=\/wp\/v2\/posts"}],"about":[{"href":"https:\/\/informadorweb.com\/index.php?rest_route=\/wp\/v2\/types\/post"}],"author":[{"embeddable":true,"href":"https:\/\/informadorweb.com\/index.php?rest_route=\/wp\/v2\/users\/1"}],"replies":[{"embeddable":true,"href":"https:\/\/informadorweb.com\/index.php?rest_route=%2Fwp%2Fv2%2Fcomments&post=118947"}],"version-history":[{"count":1,"href":"https:\/\/informadorweb.com\/index.php?rest_route=\/wp\/v2\/posts\/118947\/revisions"}],"predecessor-version":[{"id":118948,"href":"https:\/\/informadorweb.com\/index.php?rest_route=\/wp\/v2\/posts\/118947\/revisions\/118948"}],"wp:attachment":[{"href":"https:\/\/informadorweb.com\/index.php?rest_route=%2Fwp%2Fv2%2Fmedia&parent=118947"}],"wp:term":[{"taxonomy":"category","embeddable":true,"href":"https:\/\/informadorweb.com\/index.php?rest_route=%2Fwp%2Fv2%2Fcategories&post=118947"},{"taxonomy":"post_tag","embeddable":true,"href":"https:\/\/informadorweb.com\/index.php?rest_route=%2Fwp%2Fv2%2Ftags&post=118947"}],"curies":[{"name":"wp","href":"https:\/\/api.w.org\/{rel}","templated":true}]}}