{"id":118935,"date":"2026-09-03T01:02:40","date_gmt":"2026-09-03T07:02:40","guid":{"rendered":"https:\/\/informadorweb.com\/?p=118935"},"modified":"2026-09-03T07:02:44","modified_gmt":"2026-09-03T07:02:44","slug":"venta-de-vehiculos-nuevos-en-mexico-aumenta-47-entre-enero-y-agosto-de-2026","status":"publish","type":"post","link":"https:\/\/informadorweb.com\/?p=118935","title":{"rendered":"Venta de veh\u00edculos nuevos en M\u00e9xico aumenta 4,7 % entre enero y agosto de 2026"},"content":{"rendered":"<p>M\u00c9XICO, 2 sep (Xinhua) &#8212; La venta de veh\u00edculos nuevos en M\u00e9xico aument\u00f3 en un 4,7 por ciento entre enero y agosto de 2026 hacia un nuevo r\u00e9cord hist\u00f3rico para un periodo similar, de acuerdo con datos del Instituto Nacional de Estad\u00edstica y Geograf\u00eda (Inegi) difundidos este mi\u00e9rcoles. La comercializaci\u00f3n en el periodo fue de 1.014.832 veh\u00edculos en los primeros ocho meses del a\u00f1o, contra los 969.385 vendidos en el mismo lapso de 2025, detall\u00f3 el Avance de Resultados del Registro Administrativo de la Industria Automotriz de Veh\u00edculos Ligeros (RAIAVL) del Inegi. Tan solo en agosto, la venta de unidades ligeras aument\u00f3 en un 2,3 por ciento interanual, a 129.479 veh\u00edculos, agreg\u00f3 el documento. En comentarios difundidos por separado, el presidente ejecutivo de la Asociaci\u00f3n Mexicana de Distribuidores de Automotores (AMDA), Guillermo Rosales, destac\u00f3 que las cifras reflejan el periodo acumulado m\u00e1s alto en la serie publicada por INEGI. El nivel de comercializaci\u00f3n de enero-agosto 2026 fue superior a las ventas en similar periodo de 2017, el r\u00e9cord anterior, coloc\u00e1ndose un 2,1 por ciento por arriba de las 993.667 unidades comercializadas entonces, apunt\u00f3. Ello ocurre cuando el \u00cdndice Nacional de Precios al Consumidor (INPC) correspondiente a la compra de autom\u00f3viles tuvo un decremento anual de 0,12 por ciento, con datos a la primera quincena de agosto 2026. Y en cuanto al desempe\u00f1o econ\u00f3mico, se registra una expectativa de crecimiento del Producto Interno Bruto (PIB) para el pa\u00eds en 2026 de 1,30 por ciento conforme a la encuesta de expectativas de los especialistas en econom\u00eda del sector privado dirigida por el central Banco de M\u00e9xico, explic\u00f3 Rosales. En 2020, la comercializaci\u00f3n de unidades en M\u00e9xico se desplom\u00f3 a su peor registro en nueve a\u00f1os por las afectaciones derivadas de la pandemia de la COVID-19. Desde entonces, el mercado local se ha recuperado de forma gradual, tras las disrupciones a la oferta derivadas del freno de la econom\u00eda mundial, mayores costos log\u00edsticos y escasez de semiconductores, lo que afect\u00f3 a la cadena de proveedur\u00eda automotriz, seg\u00fan ha se\u00f1alado la AMDA. Fin<\/p>\n","protected":false},"excerpt":{"rendered":"<p>M\u00c9XICO, 2 sep (Xinhua) &#8212; La venta de veh\u00edculos nuevos en M\u00e9xico aument\u00f3 en un&#8230;<\/p>\n","protected":false},"author":1,"featured_media":0,"comment_status":"closed","ping_status":"closed","sticky":false,"template":"","format":"standard","meta":{"footnotes":""},"categories":[7],"tags":[],"class_list":["post-118935","post","type-post","status-publish","format-standard","hentry","category-nacional"],"_links":{"self":[{"href":"https:\/\/informadorweb.com\/index.php?rest_route=\/wp\/v2\/posts\/118935","targetHints":{"allow":["GET"]}}],"collection":[{"href":"https:\/\/informadorweb.com\/index.php?rest_route=\/wp\/v2\/posts"}],"about":[{"href":"https:\/\/informadorweb.com\/index.php?rest_route=\/wp\/v2\/types\/post"}],"author":[{"embeddable":true,"href":"https:\/\/informadorweb.com\/index.php?rest_route=\/wp\/v2\/users\/1"}],"replies":[{"embeddable":true,"href":"https:\/\/informadorweb.com\/index.php?rest_route=%2Fwp%2Fv2%2Fcomments&post=118935"}],"version-history":[{"count":1,"href":"https:\/\/informadorweb.com\/index.php?rest_route=\/wp\/v2\/posts\/118935\/revisions"}],"predecessor-version":[{"id":118936,"href":"https:\/\/informadorweb.com\/index.php?rest_route=\/wp\/v2\/posts\/118935\/revisions\/118936"}],"wp:attachment":[{"href":"https:\/\/informadorweb.com\/index.php?rest_route=%2Fwp%2Fv2%2Fmedia&parent=118935"}],"wp:term":[{"taxonomy":"category","embeddable":true,"href":"https:\/\/informadorweb.com\/index.php?rest_route=%2Fwp%2Fv2%2Fcategories&post=118935"},{"taxonomy":"post_tag","embeddable":true,"href":"https:\/\/informadorweb.com\/index.php?rest_route=%2Fwp%2Fv2%2Ftags&post=118935"}],"curies":[{"name":"wp","href":"https:\/\/api.w.org\/{rel}","templated":true}]}}