{"id":118917,"date":"2026-09-03T00:54:49","date_gmt":"2026-09-03T06:54:49","guid":{"rendered":"https:\/\/informadorweb.com\/?p=118917"},"modified":"2026-09-03T06:54:51","modified_gmt":"2026-09-03T06:54:51","slug":"especial-mexico-alberga-primer-museo-textil-de-pueblos-indigenas-un-espacio-vivo-de-tradiciones-ancestrales","status":"publish","type":"post","link":"https:\/\/informadorweb.com\/?p=118917","title":{"rendered":"Especial: M\u00e9xico alberga primer Museo Textil de Pueblos Ind\u00edgenas, un espacio vivo de tradiciones ancestrales"},"content":{"rendered":"<div class=\"el-scrollbar__wrap\">\n<div class=\"el-scrollbar__view\">\n<div class=\"news-content\" data-v-e79c3ee4=\"\">Por Carina L\u00f3pez y Ricardo Montoya M\u00c9XICO, 2 sep (Xinhua) &#8212; M\u00e9xico alberga el primer Museo Textil de los Pueblos Ind\u00edgenas y Afromexicanos (MUT), un espacio vivo, entre hilos, telares y agujas, dedicado a preservar y difundir los saberes, t\u00e9cnicas y tradiciones ancestrales que forman parte de la riqueza cultural de las comunidades originarias del pa\u00eds. Ubicado en el hist\u00f3rico Palacio del Marqu\u00e9s del Apartado, un edificio neocl\u00e1sico construido entre 1795 y 1805 por el arquitecto Manuel Tols\u00e1, el recinto cultural busca resaltar el trabajo de los artesanos ind\u00edgenas y afromexicanos, as\u00ed como preservar los conocimientos transmitidos de generaci\u00f3n en generaci\u00f3n. \u00abTiene 12 salas alrededor de las cuales vamos aprendiendo desde c\u00f3mo es el proceso de creaci\u00f3n textil, c\u00f3mo es que se va incorporando al textil la cosmovisi\u00f3n, las diferentes particularidades regionales, los colores de donde se obtienen, la diversidad que tiene M\u00e9xico tambi\u00e9n dentro de los colores y c\u00f3mo a lo largo de su historia M\u00e9xico se ha construido a trav\u00e9s de la fusi\u00f3n de diversas culturas\u00bb, dijo a Xinhua el anfitri\u00f3n del Museo, Jes\u00fas Aar\u00f3n Mart\u00ednez Rojas. El representante del MUT indic\u00f3 que el museo est\u00e1 organizado por t\u00e9cnicas que contemplan dos circuitos: el primero habla de la creaci\u00f3n textil, de la obtenci\u00f3n de materia prima, y el segundo circuito, donde se habla de las distintas t\u00e9cnicas; por ejemplo, el telar de pedales, la t\u00e9cnica de gaza, los te\u00f1idos por reserva, etc\u00e9tera. \u00abTambi\u00e9n, hay una sala interactiva donde podemos aprender con mayor profundidad sobre los diferentes tipos de colores y donde tambi\u00e9n tenemos una pantalla que tiene los diferentes pueblos representados en esta exposici\u00f3n permanente con detalles de las piezas y en la que podemos ver de d\u00f3nde se obtuvo la materia prima\u00bb, detall\u00f3 Mart\u00ednez Rojas. Subray\u00f3 el inter\u00e9s que ha generado entre los visitantes la sala que se dedica a la innovaci\u00f3n en lo textil, pues se muestra como algo vivo que constantemente va evolucionando y que se va adaptando a las nuevas t\u00e9cnicas, a los nuevos tiempos. \u00abEl museo busca hacer de este un punto de encuentro vivo en el que nosotros podemos venir a reflexionar y a aprender sobre la labor textil y el papel vital de los artesanos\u00bb, expres\u00f3. El recorrido re\u00fane, tambi\u00e9n, 210 piezas que reflejan la riqueza de la memoria, los conocimientos colectivos y las tradiciones que se mantienen vigentes entre los pueblos ind\u00edgenas y afromexicanos. En este contexto, el museo busca visibilizar y revalorizar la herencia afromexicana, considerada una \u00abtercera ra\u00edz\u00bb de la identidad cultural del pa\u00eds y que durante mucho tiempo permaneci\u00f3 relegada. Para Mart\u00ednez Rojas, el recinto aborda la diversidad de experiencias que conforman la afromexicanidad, desde las comunidades descendientes de personas africanas que llegaron durante la \u00e9poca virreinal hasta aquellas que se establecieron en el norte de M\u00e9xico procedentes de Estados Unidos, donde encontraron v\u00ednculos con pueblos ind\u00edgenas. En el museo, los hilos tambi\u00e9n se han convertido en una forma de transmitir conocimientos, por lo que la maestra artesana textil Anastacia Mar\u00edn Garc\u00eda comparte con los visitantes la t\u00e9cnica de la horquilla a trav\u00e9s de un taller con el que busca que este saber siga vivo y llegue a nuevas manos. \u00abEs una oportunidad para que muchas personas que no tienen esa facilidad de ir a mi comunidad (Los Tuxtlas, Veracruz) y a los lugares donde imparto los cursos. Entonces, es darles la oportunidad a ellas de aprender esta t\u00e9cnica que estaba en peligro de extinci\u00f3n, porque afortunadamente hoy hay muchas personas que la est\u00e1n haciendo conmigo\u00bb, afirm\u00f3. La maestra artesana destac\u00f3 que este tipo de talleres permite que los participantes no solo aprendan nuevas t\u00e9cnicas, sino que tambi\u00e9n puedan llevar ese conocimiento a sus familias y mantener viva la riqueza textil del pa\u00eds. \u00abEstamos en una \u00e9poca donde estamos retomando todo lo artesanal y eso es maravilloso. Las prendas duran much\u00edsimo; entonces, al perderse las t\u00e9cnicas, se pierde la historia de alguien. Por ejemplo, en mi caso, siento que muchas personas me conocen por el tejido y esto va a perdurar por muchos a\u00f1os. Lo importante es rescatarlo, no dejar que se pierda; es lo m\u00e1s importante porque son recuerdos de nuestros ancestros\u00bb, agreg\u00f3. El espacio cuenta, adem\u00e1s, con una ludoteca, espacios de convivencia y formaci\u00f3n, como la sala de usos m\u00faltiples, el Taller Original, el Sal\u00f3n de Capacitaci\u00f3n, una terraza, una Ventana Arqueol\u00f3gica y un espacio que ofrece platillos tradicionales de M\u00e9xico. De esa manera, el Museo Textil de los Pueblos Ind\u00edgenas y Afromexicanos acerca al p\u00fablico a la diversidad de expresiones textiles que forman parte del patrimonio cultural de M\u00e9xico, en las que permanecen historias, conocimientos y formas de ver el mundo. Fin<\/div>\n<\/div>\n<\/div>\n<div class=\"el-scrollbar__bar is-horizontal\"><\/div>\n","protected":false},"excerpt":{"rendered":"<p>Por Carina L\u00f3pez y Ricardo Montoya M\u00c9XICO, 2 sep (Xinhua) &#8212; M\u00e9xico alberga el primer&#8230;<\/p>\n","protected":false},"author":1,"featured_media":0,"comment_status":"closed","ping_status":"closed","sticky":false,"template":"","format":"standard","meta":{"footnotes":""},"categories":[2],"tags":[],"class_list":["post-118917","post","type-post","status-publish","format-standard","hentry","category-internacional"],"_links":{"self":[{"href":"https:\/\/informadorweb.com\/index.php?rest_route=\/wp\/v2\/posts\/118917","targetHints":{"allow":["GET"]}}],"collection":[{"href":"https:\/\/informadorweb.com\/index.php?rest_route=\/wp\/v2\/posts"}],"about":[{"href":"https:\/\/informadorweb.com\/index.php?rest_route=\/wp\/v2\/types\/post"}],"author":[{"embeddable":true,"href":"https:\/\/informadorweb.com\/index.php?rest_route=\/wp\/v2\/users\/1"}],"replies":[{"embeddable":true,"href":"https:\/\/informadorweb.com\/index.php?rest_route=%2Fwp%2Fv2%2Fcomments&post=118917"}],"version-history":[{"count":1,"href":"https:\/\/informadorweb.com\/index.php?rest_route=\/wp\/v2\/posts\/118917\/revisions"}],"predecessor-version":[{"id":118918,"href":"https:\/\/informadorweb.com\/index.php?rest_route=\/wp\/v2\/posts\/118917\/revisions\/118918"}],"wp:attachment":[{"href":"https:\/\/informadorweb.com\/index.php?rest_route=%2Fwp%2Fv2%2Fmedia&parent=118917"}],"wp:term":[{"taxonomy":"category","embeddable":true,"href":"https:\/\/informadorweb.com\/index.php?rest_route=%2Fwp%2Fv2%2Fcategories&post=118917"},{"taxonomy":"post_tag","embeddable":true,"href":"https:\/\/informadorweb.com\/index.php?rest_route=%2Fwp%2Fv2%2Ftags&post=118917"}],"curies":[{"name":"wp","href":"https:\/\/api.w.org\/{rel}","templated":true}]}}