{"id":118901,"date":"2026-09-03T00:49:19","date_gmt":"2026-09-03T06:49:19","guid":{"rendered":"https:\/\/informadorweb.com\/?p=118901"},"modified":"2026-09-03T06:49:28","modified_gmt":"2026-09-03T06:49:28","slug":"rusia-convoca-a-encargado-de-negocios-de-alemania-por-acusaciones-de-dron-en-leipzig","status":"publish","type":"post","link":"https:\/\/informadorweb.com\/?p=118901","title":{"rendered":"Rusia convoca a encargado de negocios de Alemania por acusaciones de dron en Leipzig"},"content":{"rendered":"<p>MOSC\u00da, 2 sep (Xinhua) &#8212; El Ministerio de Relaciones Exteriores de Rusia convoc\u00f3 hoy mi\u00e9rcoles al encargado de negocios de Alemania, Bernd Finke, para protestar por las acusaciones de Berl\u00edn de que un dron con explosivos encontrado el mes pasado en el aeropuerto de Leipzig era de origen ruso. El embajador de Rusia en Alemania, Sergey Nechayev, fue convocado el martes al Ministerio de Asuntos Exteriores alem\u00e1n por el mismo incidente. Alemania tambi\u00e9n orden\u00f3 el cierre del consulado general de Rusia en Bonn. Nechayev calific\u00f3 como completamente infundadas las afirmaciones sobre el dron cargado de explosivos encontrado el 5 de agosto. El presidente de Rusia, Vladimir Putin, coment\u00f3 el martes que las acciones de Alemania est\u00e1n vinculadas a las pol\u00edticas internas del pa\u00eds. Sugiri\u00f3 que, debido a la baja popularidad nacional del canciller en su pa\u00eds, el Gobierno prioriza la confrontaci\u00f3n con Rusia sobre los intereses nacionales de Alemania. Putin desestim\u00f3 las acusaciones por carecer de evidencia y calific\u00f3 al incidente como fabricado. Fin<\/p>\n","protected":false},"excerpt":{"rendered":"<p>MOSC\u00da, 2 sep (Xinhua) &#8212; El Ministerio de Relaciones Exteriores de Rusia convoc\u00f3 hoy mi\u00e9rcoles&#8230;<\/p>\n","protected":false},"author":1,"featured_media":0,"comment_status":"closed","ping_status":"closed","sticky":false,"template":"","format":"standard","meta":{"footnotes":""},"categories":[2],"tags":[],"class_list":["post-118901","post","type-post","status-publish","format-standard","hentry","category-internacional"],"_links":{"self":[{"href":"https:\/\/informadorweb.com\/index.php?rest_route=\/wp\/v2\/posts\/118901","targetHints":{"allow":["GET"]}}],"collection":[{"href":"https:\/\/informadorweb.com\/index.php?rest_route=\/wp\/v2\/posts"}],"about":[{"href":"https:\/\/informadorweb.com\/index.php?rest_route=\/wp\/v2\/types\/post"}],"author":[{"embeddable":true,"href":"https:\/\/informadorweb.com\/index.php?rest_route=\/wp\/v2\/users\/1"}],"replies":[{"embeddable":true,"href":"https:\/\/informadorweb.com\/index.php?rest_route=%2Fwp%2Fv2%2Fcomments&post=118901"}],"version-history":[{"count":1,"href":"https:\/\/informadorweb.com\/index.php?rest_route=\/wp\/v2\/posts\/118901\/revisions"}],"predecessor-version":[{"id":118902,"href":"https:\/\/informadorweb.com\/index.php?rest_route=\/wp\/v2\/posts\/118901\/revisions\/118902"}],"wp:attachment":[{"href":"https:\/\/informadorweb.com\/index.php?rest_route=%2Fwp%2Fv2%2Fmedia&parent=118901"}],"wp:term":[{"taxonomy":"category","embeddable":true,"href":"https:\/\/informadorweb.com\/index.php?rest_route=%2Fwp%2Fv2%2Fcategories&post=118901"},{"taxonomy":"post_tag","embeddable":true,"href":"https:\/\/informadorweb.com\/index.php?rest_route=%2Fwp%2Fv2%2Ftags&post=118901"}],"curies":[{"name":"wp","href":"https:\/\/api.w.org\/{rel}","templated":true}]}}