{"id":118895,"date":"2026-09-03T00:45:18","date_gmt":"2026-09-03T06:45:18","guid":{"rendered":"https:\/\/informadorweb.com\/?p=118895"},"modified":"2026-09-03T06:45:21","modified_gmt":"2026-09-03T06:45:21","slug":"netanyahu-informa-que-soldados-israelies-permaneceran-en-gaza","status":"publish","type":"post","link":"https:\/\/informadorweb.com\/?p=118895","title":{"rendered":"Netanyahu informa que soldados israel\u00edes permanecer\u00e1n en Gaza"},"content":{"rendered":"<p>JERUSAL\u00c9N, 2 sep (Xinhua) &#8212; El primer ministro israel\u00ed, Benjamin Netanyahu, dijo hoy mi\u00e9rcoles durante una visita a la Franja de Gaza que los soldados israel\u00edes permanecer\u00e1n en el enclave a lo largo de la llamada \u00abL\u00ednea Amarilla\u00bb. \u00abNosotros controlamos el territorio. No nos estamos retirando. Permaneceremos en esta l\u00ednea\u00bb, dijo Netanyahu en un video publicado por su oficina. Netanyahu afirm\u00f3 que Israel continuar\u00e1 sus operaciones hasta que Hamas sea desarmado y Gaza desmilitarizada. El primer ministro agreg\u00f3 que Israel ahora controla alrededor del 60 por ciento de la Franja de Gaza, y destac\u00f3 que \u00aba\u00fan hay m\u00e1s por venir, mientras seguimos matando a milicianos que nos amenazan diariamente\u00bb. La \u00abL\u00ednea Amarilla\u00bb fue establecida en octubre de 2025, bajo un cese al fuego mediado por Estados Unidos, como la l\u00ednea a la que las fuerzas israel\u00edes iban a retirarse inicialmente. El plan contemplaba m\u00e1s retiradas israel\u00edes junto con acciones para el desarme de Hamas, sin embargo, en agosto, Netanyahu rechaz\u00f3 el plan de 15 puntos de paz para Gaza respaldado por Estados Unidos. Israel ha desplegado sus posiciones m\u00e1s adentro de Gaza y ha expandido el territorio bajo su control militar. En mayo, Netanyahu coment\u00f3 que orden\u00f3 al ej\u00e9rcito expandir su control hacia el 70 por ciento del enclave. Fin<\/p>\n","protected":false},"excerpt":{"rendered":"<p>JERUSAL\u00c9N, 2 sep (Xinhua) &#8212; El primer ministro israel\u00ed, Benjamin Netanyahu, dijo hoy mi\u00e9rcoles durante&#8230;<\/p>\n","protected":false},"author":1,"featured_media":0,"comment_status":"closed","ping_status":"closed","sticky":false,"template":"","format":"standard","meta":{"footnotes":""},"categories":[2],"tags":[],"class_list":["post-118895","post","type-post","status-publish","format-standard","hentry","category-internacional"],"_links":{"self":[{"href":"https:\/\/informadorweb.com\/index.php?rest_route=\/wp\/v2\/posts\/118895","targetHints":{"allow":["GET"]}}],"collection":[{"href":"https:\/\/informadorweb.com\/index.php?rest_route=\/wp\/v2\/posts"}],"about":[{"href":"https:\/\/informadorweb.com\/index.php?rest_route=\/wp\/v2\/types\/post"}],"author":[{"embeddable":true,"href":"https:\/\/informadorweb.com\/index.php?rest_route=\/wp\/v2\/users\/1"}],"replies":[{"embeddable":true,"href":"https:\/\/informadorweb.com\/index.php?rest_route=%2Fwp%2Fv2%2Fcomments&post=118895"}],"version-history":[{"count":1,"href":"https:\/\/informadorweb.com\/index.php?rest_route=\/wp\/v2\/posts\/118895\/revisions"}],"predecessor-version":[{"id":118896,"href":"https:\/\/informadorweb.com\/index.php?rest_route=\/wp\/v2\/posts\/118895\/revisions\/118896"}],"wp:attachment":[{"href":"https:\/\/informadorweb.com\/index.php?rest_route=%2Fwp%2Fv2%2Fmedia&parent=118895"}],"wp:term":[{"taxonomy":"category","embeddable":true,"href":"https:\/\/informadorweb.com\/index.php?rest_route=%2Fwp%2Fv2%2Fcategories&post=118895"},{"taxonomy":"post_tag","embeddable":true,"href":"https:\/\/informadorweb.com\/index.php?rest_route=%2Fwp%2Fv2%2Ftags&post=118895"}],"curies":[{"name":"wp","href":"https:\/\/api.w.org\/{rel}","templated":true}]}}