{"id":118885,"date":"2026-09-03T00:41:46","date_gmt":"2026-09-03T06:41:46","guid":{"rendered":"https:\/\/informadorweb.com\/?p=118885"},"modified":"2026-09-03T06:41:47","modified_gmt":"2026-09-03T06:41:47","slug":"xi-y-presidente-egipcio-llaman-a-fortalecer-la-voz-del-sur-global","status":"publish","type":"post","link":"https:\/\/informadorweb.com\/?p=118885","title":{"rendered":"Xi y presidente egipcio llaman a fortalecer la voz del Sur Global"},"content":{"rendered":"<p>EL CAIRO, 2 sep (Xinhua) &#8212; El presidente chino, Xi Jinping, y el presidente egipcio, Abdel Fattah El-Sisi, destacaron la necesidad de fortalecer la voz del Sur Global, seg\u00fan una declaraci\u00f3n conjunta publicada este mi\u00e9rcoles. En el comunicado, los dos jefes de Estado expresaron su apoyo al derecho de los pa\u00edses en desarrollo a participar de forma justa y equilibrada en la toma de decisiones pol\u00edticas y econ\u00f3micas a nivel mundial. Asimismo, se comprometieron a potenciar el papel de los mercados emergentes y los pa\u00edses en desarrollo en el orden internacional. Durante la visita de Estado de Xi a Egipto, los dos pa\u00edses emitieron la declaraci\u00f3n conjunta sobre una mayor profundizaci\u00f3n de su asociaci\u00f3n estrat\u00e9gica integral. Fin<\/p>\n","protected":false},"excerpt":{"rendered":"<p>EL CAIRO, 2 sep (Xinhua) &#8212; El presidente chino, Xi Jinping, y el presidente egipcio,&#8230;<\/p>\n","protected":false},"author":1,"featured_media":0,"comment_status":"closed","ping_status":"closed","sticky":false,"template":"","format":"standard","meta":{"footnotes":""},"categories":[2],"tags":[],"class_list":["post-118885","post","type-post","status-publish","format-standard","hentry","category-internacional"],"_links":{"self":[{"href":"https:\/\/informadorweb.com\/index.php?rest_route=\/wp\/v2\/posts\/118885","targetHints":{"allow":["GET"]}}],"collection":[{"href":"https:\/\/informadorweb.com\/index.php?rest_route=\/wp\/v2\/posts"}],"about":[{"href":"https:\/\/informadorweb.com\/index.php?rest_route=\/wp\/v2\/types\/post"}],"author":[{"embeddable":true,"href":"https:\/\/informadorweb.com\/index.php?rest_route=\/wp\/v2\/users\/1"}],"replies":[{"embeddable":true,"href":"https:\/\/informadorweb.com\/index.php?rest_route=%2Fwp%2Fv2%2Fcomments&post=118885"}],"version-history":[{"count":1,"href":"https:\/\/informadorweb.com\/index.php?rest_route=\/wp\/v2\/posts\/118885\/revisions"}],"predecessor-version":[{"id":118886,"href":"https:\/\/informadorweb.com\/index.php?rest_route=\/wp\/v2\/posts\/118885\/revisions\/118886"}],"wp:attachment":[{"href":"https:\/\/informadorweb.com\/index.php?rest_route=%2Fwp%2Fv2%2Fmedia&parent=118885"}],"wp:term":[{"taxonomy":"category","embeddable":true,"href":"https:\/\/informadorweb.com\/index.php?rest_route=%2Fwp%2Fv2%2Fcategories&post=118885"},{"taxonomy":"post_tag","embeddable":true,"href":"https:\/\/informadorweb.com\/index.php?rest_route=%2Fwp%2Fv2%2Ftags&post=118885"}],"curies":[{"name":"wp","href":"https:\/\/api.w.org\/{rel}","templated":true}]}}