{"id":118823,"date":"2026-09-03T00:23:39","date_gmt":"2026-09-03T06:23:39","guid":{"rendered":"https:\/\/informadorweb.com\/?p=118823"},"modified":"2026-09-03T06:23:41","modified_gmt":"2026-09-03T06:23:41","slug":"pakistan-mantiene-la-esperanza-de-que-ee-uu-e-iran-reanuden-el-dialogo-pese-al-aumento-de-las-tensiones-afirma-portavoz","status":"publish","type":"post","link":"https:\/\/informadorweb.com\/?p=118823","title":{"rendered":"Pakist\u00e1n mantiene la esperanza de que EE. UU. e Ir\u00e1n reanuden el di\u00e1logo pese al aumento de las tensiones, afirma portavoz"},"content":{"rendered":"<p>ISLAMABAD, 2 sep (Xinhua) &#8212; Pakist\u00e1n sigue confiando en que se alcance una soluci\u00f3n diplom\u00e1tica a pesar de las recientes tensiones entre Estados Unidos e Ir\u00e1n, seg\u00fan declar\u00f3 hoy mi\u00e9rcoles el portavoz del Ministerio de Asuntos Exteriores, Tahir Andrabi. Durante una rueda de prensa semanal, Andrabi se\u00f1al\u00f3 que Pakist\u00e1n continuar\u00e1 sus esfuerzos para promover el di\u00e1logo y la diplomacia entre ambas partes. \u00abPakist\u00e1n mantiene la esperanza y continuar\u00e1 trabajando para promover el di\u00e1logo y la diplomacia\u00bb, afirm\u00f3 Andrabi. Agreg\u00f3 que Pakist\u00e1n seguir\u00e1 trabajando en la cuesti\u00f3n crucial del estrecho de Ormuz y que a\u00fan espera que ambas partes regresen a la mesa de negociaciones. \u00abCuando ambas partes est\u00e9n dispuestas a dialogar, Islamabad est\u00e1 preparada para ofrecer un marco que ayude a restablecer la paz\u00bb, afirm\u00f3. Fin<\/p>\n","protected":false},"excerpt":{"rendered":"<p>ISLAMABAD, 2 sep (Xinhua) &#8212; Pakist\u00e1n sigue confiando en que se alcance una soluci\u00f3n diplom\u00e1tica&#8230;<\/p>\n","protected":false},"author":1,"featured_media":0,"comment_status":"closed","ping_status":"closed","sticky":false,"template":"","format":"standard","meta":{"footnotes":""},"categories":[2],"tags":[],"class_list":["post-118823","post","type-post","status-publish","format-standard","hentry","category-internacional"],"_links":{"self":[{"href":"https:\/\/informadorweb.com\/index.php?rest_route=\/wp\/v2\/posts\/118823","targetHints":{"allow":["GET"]}}],"collection":[{"href":"https:\/\/informadorweb.com\/index.php?rest_route=\/wp\/v2\/posts"}],"about":[{"href":"https:\/\/informadorweb.com\/index.php?rest_route=\/wp\/v2\/types\/post"}],"author":[{"embeddable":true,"href":"https:\/\/informadorweb.com\/index.php?rest_route=\/wp\/v2\/users\/1"}],"replies":[{"embeddable":true,"href":"https:\/\/informadorweb.com\/index.php?rest_route=%2Fwp%2Fv2%2Fcomments&post=118823"}],"version-history":[{"count":1,"href":"https:\/\/informadorweb.com\/index.php?rest_route=\/wp\/v2\/posts\/118823\/revisions"}],"predecessor-version":[{"id":118824,"href":"https:\/\/informadorweb.com\/index.php?rest_route=\/wp\/v2\/posts\/118823\/revisions\/118824"}],"wp:attachment":[{"href":"https:\/\/informadorweb.com\/index.php?rest_route=%2Fwp%2Fv2%2Fmedia&parent=118823"}],"wp:term":[{"taxonomy":"category","embeddable":true,"href":"https:\/\/informadorweb.com\/index.php?rest_route=%2Fwp%2Fv2%2Fcategories&post=118823"},{"taxonomy":"post_tag","embeddable":true,"href":"https:\/\/informadorweb.com\/index.php?rest_route=%2Fwp%2Fv2%2Ftags&post=118823"}],"curies":[{"name":"wp","href":"https:\/\/api.w.org\/{rel}","templated":true}]}}