{"id":118807,"date":"2026-09-03T00:19:45","date_gmt":"2026-09-03T06:19:45","guid":{"rendered":"https:\/\/informadorweb.com\/?p=118807"},"modified":"2026-09-03T06:19:46","modified_gmt":"2026-09-03T06:19:46","slug":"ampliacion-desaparecen-diez-tripulantes-tras-colisionar-dos-buques-mercantes-en-el-mar-de-marmara","status":"publish","type":"post","link":"https:\/\/informadorweb.com\/?p=118807","title":{"rendered":"Ampliaci\u00f3n: Desaparecen diez tripulantes tras colisionar dos buques mercantes en el mar de M\u00e1rmara"},"content":{"rendered":"<p>ESTAMBUL, 2 sep (Xinhua) &#8212; Dos buques mercantes con bandera turca colisionaron a primera hora de este mi\u00e9rcoles en el mar de M\u00e1rmara, frente a Estambul, dejando un saldo de diez tripulantes desparecidos, seg\u00fan las autoridades turcas. El choque se produjo a las 03:00 hora local (00:00 GMT) al sur del distrito de Silivri, Estambul, inform\u00f3 la Oficina del Gobernador de Estambul mediante un comunicado. Involucrados en el incidente estaban el buque mercante Alsu, que viajaba desde la provincia noroccidental de Kocaeli al distrito de Aliaga, en la provincia de Izmir; y el Tugberk Imamoglu, que estaba navegando desde el puerto meridional de Iskenderun hacia Karadeniz Eregli, sobre la costa turca del mar Negro. Las autoridades no pudieron establecer contacto con el Tugberk Imamoglu y sus diez tripulantes, seg\u00fan el comunicado. Evaluaciones preliminares no mostraban da\u00f1os visibles en el Alsu. Numerosas unidades navales fueron desplegadas por la zona. Las operaciones de b\u00fasqueda y rescate siguen en marcha. Fin<\/p>\n","protected":false},"excerpt":{"rendered":"<p>ESTAMBUL, 2 sep (Xinhua) &#8212; Dos buques mercantes con bandera turca colisionaron a primera hora&#8230;<\/p>\n","protected":false},"author":1,"featured_media":0,"comment_status":"closed","ping_status":"closed","sticky":false,"template":"","format":"standard","meta":{"footnotes":""},"categories":[2],"tags":[],"class_list":["post-118807","post","type-post","status-publish","format-standard","hentry","category-internacional"],"_links":{"self":[{"href":"https:\/\/informadorweb.com\/index.php?rest_route=\/wp\/v2\/posts\/118807","targetHints":{"allow":["GET"]}}],"collection":[{"href":"https:\/\/informadorweb.com\/index.php?rest_route=\/wp\/v2\/posts"}],"about":[{"href":"https:\/\/informadorweb.com\/index.php?rest_route=\/wp\/v2\/types\/post"}],"author":[{"embeddable":true,"href":"https:\/\/informadorweb.com\/index.php?rest_route=\/wp\/v2\/users\/1"}],"replies":[{"embeddable":true,"href":"https:\/\/informadorweb.com\/index.php?rest_route=%2Fwp%2Fv2%2Fcomments&post=118807"}],"version-history":[{"count":1,"href":"https:\/\/informadorweb.com\/index.php?rest_route=\/wp\/v2\/posts\/118807\/revisions"}],"predecessor-version":[{"id":118808,"href":"https:\/\/informadorweb.com\/index.php?rest_route=\/wp\/v2\/posts\/118807\/revisions\/118808"}],"wp:attachment":[{"href":"https:\/\/informadorweb.com\/index.php?rest_route=%2Fwp%2Fv2%2Fmedia&parent=118807"}],"wp:term":[{"taxonomy":"category","embeddable":true,"href":"https:\/\/informadorweb.com\/index.php?rest_route=%2Fwp%2Fv2%2Fcategories&post=118807"},{"taxonomy":"post_tag","embeddable":true,"href":"https:\/\/informadorweb.com\/index.php?rest_route=%2Fwp%2Fv2%2Ftags&post=118807"}],"curies":[{"name":"wp","href":"https:\/\/api.w.org\/{rel}","templated":true}]}}