{"id":118440,"date":"2026-09-02T08:57:56","date_gmt":"2026-09-02T14:57:56","guid":{"rendered":"https:\/\/informadorweb.com\/?p=118440"},"modified":"2026-09-02T14:57:58","modified_gmt":"2026-09-02T14:57:58","slug":"paraguay-celebra-semana-de-las-mujeres-indigenas-con-diversas-actividades-educativas-y-culturales","status":"publish","type":"post","link":"https:\/\/informadorweb.com\/?p=118440","title":{"rendered":"Paraguay celebra Semana de las Mujeres Ind\u00edgenas con diversas actividades educativas y culturales"},"content":{"rendered":"<p>ASUNCI\u00d3N, 1 sep (Xinhua) &#8212; Con diversas actividades educativas y culturales se inici\u00f3 este martes en Paraguay la \u00abSemana de las Mujeres Ind\u00edgenas\u00bb, un espacio que busca promover la participaci\u00f3n pol\u00edtica y social de las mujeres ind\u00edgenas en la sociedad paraguaya, seg\u00fan inform\u00f3 el Instituto Nacional del Ind\u00edgena (INDI). En ese marco, se llev\u00f3 a cabo una muestra fotogr\u00e1fica denominada \u00abFoto guiado: Conociendo a las Mujeres Ind\u00edgenas y sus Luchas en Paraguay\u00bb, en el Centro Cultural de Espa\u00f1a \u00abJuan de Salazar\u00bb de la capital Asunci\u00f3n. En el mismo sitio, se desarroll\u00f3 tambi\u00e9n el conversatorio \u00abLucha y Resistencia de las Mujeres Ind\u00edgenas\u00bb, a cargo de las representantes y activistas ind\u00edgenas Gabriela Schvartzman, Nidia Moreju\u00e1n, Celina Arce y Bernarda Pesoa. En paralelo, en el microcentro capitalino se realiz\u00f3 una conferencia seguida de una charla denominada \u00abDi\u00e1logo de saberes: Jornada con parteras ind\u00edgenas\u00bb, actividad organizada por la Articulaci\u00f3n de Mujeres Ind\u00edgenas del Paraguay (MIPY), Conamuri Ku\u00f1anguera y la Federaci\u00f3n por la Autodeterminaci\u00f3n de los Pueblos Ind\u00edgenas (FAPI). De acuerdo al cronograma divulgado por el INDI, las actividades proseguir\u00e1n el d\u00eda mi\u00e9rcoles 2 de septiembre con la Foto guidado y un conversatorio titulado \u00abPol\u00edticas P\u00fablicas, Salud Intercultural y Derechos de las Mujeres Ind\u00edgenas: Di\u00e1logos y Desaf\u00edos Institucionales\u00bb, tambi\u00e9n en el Centro Cultural Juan de Salazar de Asunci\u00f3n. M\u00e1s adelante, el d\u00eda jueves 3 del mismo mes, se llevar\u00e1 a cabo el \u00abDi\u00e1logo Saberes: Investigaciones y aportes desde la Academia\u00bb, con una serie de informes sobre resultados de estudios de la poblaci\u00f3n ind\u00edgena en Paraguay, en la sede de la Facultad de Ciencias Sociales de la Universidad Nacional de Asunci\u00f3n (UNA), en la ciudad de San Lorenzo, departamento Central. Las actividades culminar\u00e1n el s\u00e1bado 5 de septiembre, fecha en que se conmemora el D\u00eda de la Mujer Ind\u00edgena, con un Pronunciamiento y un Acto de conmemoraci\u00f3n en la Plaza Italia de la capital Asunci\u00f3n. Fin<\/p>\n","protected":false},"excerpt":{"rendered":"<p>ASUNCI\u00d3N, 1 sep (Xinhua) &#8212; Con diversas actividades educativas y culturales se inici\u00f3 este martes&#8230;<\/p>\n","protected":false},"author":1,"featured_media":0,"comment_status":"closed","ping_status":"closed","sticky":false,"template":"","format":"standard","meta":{"footnotes":""},"categories":[2],"tags":[],"class_list":["post-118440","post","type-post","status-publish","format-standard","hentry","category-internacional"],"_links":{"self":[{"href":"https:\/\/informadorweb.com\/index.php?rest_route=\/wp\/v2\/posts\/118440","targetHints":{"allow":["GET"]}}],"collection":[{"href":"https:\/\/informadorweb.com\/index.php?rest_route=\/wp\/v2\/posts"}],"about":[{"href":"https:\/\/informadorweb.com\/index.php?rest_route=\/wp\/v2\/types\/post"}],"author":[{"embeddable":true,"href":"https:\/\/informadorweb.com\/index.php?rest_route=\/wp\/v2\/users\/1"}],"replies":[{"embeddable":true,"href":"https:\/\/informadorweb.com\/index.php?rest_route=%2Fwp%2Fv2%2Fcomments&post=118440"}],"version-history":[{"count":1,"href":"https:\/\/informadorweb.com\/index.php?rest_route=\/wp\/v2\/posts\/118440\/revisions"}],"predecessor-version":[{"id":118441,"href":"https:\/\/informadorweb.com\/index.php?rest_route=\/wp\/v2\/posts\/118440\/revisions\/118441"}],"wp:attachment":[{"href":"https:\/\/informadorweb.com\/index.php?rest_route=%2Fwp%2Fv2%2Fmedia&parent=118440"}],"wp:term":[{"taxonomy":"category","embeddable":true,"href":"https:\/\/informadorweb.com\/index.php?rest_route=%2Fwp%2Fv2%2Fcategories&post=118440"},{"taxonomy":"post_tag","embeddable":true,"href":"https:\/\/informadorweb.com\/index.php?rest_route=%2Fwp%2Fv2%2Ftags&post=118440"}],"curies":[{"name":"wp","href":"https:\/\/api.w.org\/{rel}","templated":true}]}}