{"id":118430,"date":"2026-09-02T08:56:10","date_gmt":"2026-09-02T14:56:10","guid":{"rendered":"https:\/\/informadorweb.com\/?p=118430"},"modified":"2026-09-02T14:56:12","modified_gmt":"2026-09-02T14:56:12","slug":"ampliacion-peru-anuncia-rompimiento-de-relaciones-diplomaticas-con-iran","status":"publish","type":"post","link":"https:\/\/informadorweb.com\/?p=118430","title":{"rendered":"Ampliaci\u00f3n: Per\u00fa anuncia rompimiento de relaciones diplom\u00e1ticas con Ir\u00e1n"},"content":{"rendered":"<div class=\"el-scrollbar__wrap\">\n<div class=\"el-scrollbar__view\">\n<div class=\"news-content\" data-v-e79c3ee4=\"\">LIMA, 1 sep (Xinhua) &#8212; El Gobierno de Per\u00fa anunci\u00f3 este martes el rompimiento de las relaciones diplom\u00e1ticas con Ir\u00e1n, al tiempo que asegur\u00f3 que rechaza \u00abde manera en\u00e9rgica\u00bb que ese pa\u00eds \u00abincite a la violencia y a la escalada de conflictos en el Medio Oriente\u00bb. \u00abEl Gobierno de la Rep\u00fablica del Per\u00fa ha tomado la decisi\u00f3n de romper relaciones diplom\u00e1ticas con la Rep\u00fablica Isl\u00e1mica de Ir\u00e1n\u00bb, indic\u00f3 la canciller\u00eda en un comunicado, donde afirm\u00f3 que ha tomado la decisi\u00f3n con base en su hist\u00f3rica vocaci\u00f3n pacifista y en ejercicio de su indeclinable compromiso con el respeto al derecho internacional y la defensa de la democracia. Asimismo, la naci\u00f3n sudamericana se\u00f1al\u00f3 a Ir\u00e1n de obstruir \u00abla labor del Organismo Internacional de Energ\u00eda At\u00f3mica (OIEA), a cuyos inspectores ha negado en diferentes ocasiones el acceso a instalaciones nucleares, dificultando la verificaci\u00f3n necesaria para evitar la producci\u00f3n de armas nucleares\u00bb. \u00abEn el marco de su firme compromiso con la defensa de la democracia, principio fundamental de su pol\u00edtica exterior, el Per\u00fa ha venido observando con creciente consternaci\u00f3n el deterioro de dicho valor en Ir\u00e1n, denunciado por diferentes mecanismos de las Naciones Unidas\u00bb, se\u00f1al\u00f3 el comunicado. \u00abDe igual manera, el Gobierno del Per\u00fa observa con profunda preocupaci\u00f3n las severas restricciones impuestas por el r\u00e9gimen iran\u00ed, as\u00ed como la disrupci\u00f3n del comercio internacional a trav\u00e9s del estrecho de Ormuz desde marzo de 2026\u00bb, afirm\u00f3. Agreg\u00f3 que eso \u00abcontravienen principios como la libertad de navegaci\u00f3n y el derecho de paso por los estrechos utilizados para el tr\u00e1nsito mar\u00edtimo internacional, que no pueden estar sujetos a condicionamientos unilaterales\u00bb. Per\u00fa aclar\u00f3 que, aunque ha decidido romper las relaciones diplom\u00e1ticas con Ir\u00e1n, eso \u00abno entra\u00f1a la ruptura de relaciones consulares, necesarias para velar por los nacionales de cada Estado y atender las dem\u00e1s funciones\u00bb, previstas en el art\u00edculo 5 de la Convenci\u00f3n de Viena sobre Relaciones Consulares de 1963. \u00abCabe se\u00f1alar que esta decisi\u00f3n ha sido comunicada a Ir\u00e1n mediante nota diplom\u00e1tica, a trav\u00e9s de la Embajada de ese pa\u00eds en el Ecuador, que act\u00faa como Misi\u00f3n concurrente ante el Per\u00fa\u00bb, finaliz\u00f3. Fin<\/div>\n<\/div>\n<\/div>\n<div class=\"el-scrollbar__bar is-horizontal\"><\/div>\n","protected":false},"excerpt":{"rendered":"<p>LIMA, 1 sep (Xinhua) &#8212; El Gobierno de Per\u00fa anunci\u00f3 este martes el rompimiento de&#8230;<\/p>\n","protected":false},"author":1,"featured_media":0,"comment_status":"closed","ping_status":"closed","sticky":false,"template":"","format":"standard","meta":{"footnotes":""},"categories":[2],"tags":[],"class_list":["post-118430","post","type-post","status-publish","format-standard","hentry","category-internacional"],"_links":{"self":[{"href":"https:\/\/informadorweb.com\/index.php?rest_route=\/wp\/v2\/posts\/118430","targetHints":{"allow":["GET"]}}],"collection":[{"href":"https:\/\/informadorweb.com\/index.php?rest_route=\/wp\/v2\/posts"}],"about":[{"href":"https:\/\/informadorweb.com\/index.php?rest_route=\/wp\/v2\/types\/post"}],"author":[{"embeddable":true,"href":"https:\/\/informadorweb.com\/index.php?rest_route=\/wp\/v2\/users\/1"}],"replies":[{"embeddable":true,"href":"https:\/\/informadorweb.com\/index.php?rest_route=%2Fwp%2Fv2%2Fcomments&post=118430"}],"version-history":[{"count":1,"href":"https:\/\/informadorweb.com\/index.php?rest_route=\/wp\/v2\/posts\/118430\/revisions"}],"predecessor-version":[{"id":118431,"href":"https:\/\/informadorweb.com\/index.php?rest_route=\/wp\/v2\/posts\/118430\/revisions\/118431"}],"wp:attachment":[{"href":"https:\/\/informadorweb.com\/index.php?rest_route=%2Fwp%2Fv2%2Fmedia&parent=118430"}],"wp:term":[{"taxonomy":"category","embeddable":true,"href":"https:\/\/informadorweb.com\/index.php?rest_route=%2Fwp%2Fv2%2Fcategories&post=118430"},{"taxonomy":"post_tag","embeddable":true,"href":"https:\/\/informadorweb.com\/index.php?rest_route=%2Fwp%2Fv2%2Ftags&post=118430"}],"curies":[{"name":"wp","href":"https:\/\/api.w.org\/{rel}","templated":true}]}}