{"id":118416,"date":"2026-09-02T08:50:36","date_gmt":"2026-09-02T14:50:36","guid":{"rendered":"https:\/\/informadorweb.com\/?p=118416"},"modified":"2026-09-02T14:50:38","modified_gmt":"2026-09-02T14:50:38","slug":"chile-registra-en-julio-mayor-caida-de-actividad-economica-del-ano","status":"publish","type":"post","link":"https:\/\/informadorweb.com\/?p=118416","title":{"rendered":"Chile registra en julio mayor ca\u00edda de actividad econ\u00f3mica del a\u00f1o"},"content":{"rendered":"<p>SANTIAGO, 1 sep (Xinhua) &#8212; El Banco Central inform\u00f3 este martes que la actividad econ\u00f3mica de julio disminuy\u00f3 1,5 por ciento frente a igual mes del a\u00f1o anterior y cay\u00f3 1,7 por ciento respecto del mes precedente. De acuerdo con el bolet\u00edn de la entidad bancaria, la ca\u00edda del \u00cdndice Mensual de la Actividad Econ\u00f3mica (Imacec), correspondiente a julio, fue provocada por la miner\u00eda y, en menor medida, por los servicios y la industria. La cifra equivale al mayor retroceso de este a\u00f1o, afectada en parte por condiciones clim\u00e1ticas, como lluvias y vientos invernales, que afectaron el normal funcionamiento de los establecimientos productivos. El ministro de Hacienda, Jorge Quiroz, se\u00f1al\u00f3 a los medios de comunicaci\u00f3n que habr\u00e1 que ajustar la proyecci\u00f3n de crecimiento anual de 1,8 por ciento del Producto Interno Bruto (PIB) para este a\u00f1o. \u00abDesde luego que la proyecci\u00f3n de crecimiento para el a\u00f1o completo hay que tomar en cuenta este n\u00famero y hay que ajustarla. El pr\u00f3ximo Informe de Finanzas P\u00fablicas va a tomar cuenta de ello\u00bb, dijo el funcionario. No obstante, Quiroz afirm\u00f3 que existen se\u00f1ales positivas en el mercado, las inversiones y las expectativas empresariales. En el an\u00e1lisis por actividad, el Banco Central indic\u00f3 que en julio pasado la producci\u00f3n de bienes cay\u00f3 3,2 por ciento en t\u00e9rminos anuales, resultado determinado por el desempe\u00f1o de la miner\u00eda, en particular del cobre. Las condiciones clim\u00e1ticas adversas afectaron al metal rojo y tambi\u00e9n provocaron la ca\u00edda de la industria, que present\u00f3 una menor elaboraci\u00f3n de combustibles y productos qu\u00edmicos. Por su parte, el resto de bienes creci\u00f3 3,4 por ciento, debido a un aumento en el valor agregado de la generaci\u00f3n el\u00e9ctrica, incidido por una mayor disponibilidad de agua. En tanto, la actividad comercial present\u00f3 un crecimiento de 0,7 por ciento en t\u00e9rminos anuales, empujada por el comercio minorista. Destacaron las mayores ventas realizadas en almacenes de comestibles, en establecimientos especializados de vestuario y a trav\u00e9s de plataformas de venta online. La ca\u00edda del comercio mayorista fue incidida principalmente por menores ventas de materiales de construcci\u00f3n, mientras que el comercio automotor creci\u00f3 marginalmente. Los servicios cayeron 0,7 por ciento en t\u00e9rminos anuales, principalmente por el desempe\u00f1o de los servicios personales, empresariales, de transporte y restaurantes y hoteles. Los primeros se vieron afectados por menores servicios de educaci\u00f3n debido a suspensiones de clases por efectos clim\u00e1ticos. Fin<\/p>\n","protected":false},"excerpt":{"rendered":"<p>SANTIAGO, 1 sep (Xinhua) &#8212; El Banco Central inform\u00f3 este martes que la actividad econ\u00f3mica&#8230;<\/p>\n","protected":false},"author":1,"featured_media":0,"comment_status":"closed","ping_status":"closed","sticky":false,"template":"","format":"standard","meta":{"footnotes":""},"categories":[2],"tags":[],"class_list":["post-118416","post","type-post","status-publish","format-standard","hentry","category-internacional"],"_links":{"self":[{"href":"https:\/\/informadorweb.com\/index.php?rest_route=\/wp\/v2\/posts\/118416","targetHints":{"allow":["GET"]}}],"collection":[{"href":"https:\/\/informadorweb.com\/index.php?rest_route=\/wp\/v2\/posts"}],"about":[{"href":"https:\/\/informadorweb.com\/index.php?rest_route=\/wp\/v2\/types\/post"}],"author":[{"embeddable":true,"href":"https:\/\/informadorweb.com\/index.php?rest_route=\/wp\/v2\/users\/1"}],"replies":[{"embeddable":true,"href":"https:\/\/informadorweb.com\/index.php?rest_route=%2Fwp%2Fv2%2Fcomments&post=118416"}],"version-history":[{"count":1,"href":"https:\/\/informadorweb.com\/index.php?rest_route=\/wp\/v2\/posts\/118416\/revisions"}],"predecessor-version":[{"id":118417,"href":"https:\/\/informadorweb.com\/index.php?rest_route=\/wp\/v2\/posts\/118416\/revisions\/118417"}],"wp:attachment":[{"href":"https:\/\/informadorweb.com\/index.php?rest_route=%2Fwp%2Fv2%2Fmedia&parent=118416"}],"wp:term":[{"taxonomy":"category","embeddable":true,"href":"https:\/\/informadorweb.com\/index.php?rest_route=%2Fwp%2Fv2%2Fcategories&post=118416"},{"taxonomy":"post_tag","embeddable":true,"href":"https:\/\/informadorweb.com\/index.php?rest_route=%2Fwp%2Fv2%2Ftags&post=118416"}],"curies":[{"name":"wp","href":"https:\/\/api.w.org\/{rel}","templated":true}]}}