{"id":118410,"date":"2026-09-02T08:47:40","date_gmt":"2026-09-02T14:47:40","guid":{"rendered":"https:\/\/informadorweb.com\/?p=118410"},"modified":"2026-09-02T14:47:41","modified_gmt":"2026-09-02T14:47:41","slug":"mas-de-17-millones-de-estudiantes-vuelven-a-clases-en-ecuador-con-un-plan-contra-el-crimen-organizado","status":"publish","type":"post","link":"https:\/\/informadorweb.com\/?p=118410","title":{"rendered":"M\u00e1s de 1,7 millones de estudiantes vuelven a clases en Ecuador con un plan contra el crimen organizado"},"content":{"rendered":"<p>QUITO, 1 sep (Xinhua) &#8212; M\u00e1s de 1,7 millones de estudiantes y cerca de 100.000 docentes de los calendarios escolares Sierra y Amazon\u00eda de Ecuador, iniciaron hoy martes el ciclo escolar 2026-2027, con un retorno escalonado a las aulas y la aplicaci\u00f3n de un nuevo plan de seguridad para prevenir amenazas del crimen organizado en las instituciones educativas. Las autoridades educativas inauguraron el nuevo per\u00edodo con el regreso de los alumnos de bachillerato e inicial, en una incorporaci\u00f3n escalonada que continuar\u00e1 hasta el jueves 3 de septiembre, cuando se completar\u00e1 la asistencia a las cerca de 6.000 instituciones educativas de ambas regiones, con calendarios distintos debido a factores geogr\u00e1ficos y clim\u00e1ticos. La principal novedad del nuevo ciclo escolar es la implementaci\u00f3n del \u00abPlan Escudo\u00bb, una estrategia de seguridad del Gobierno que seg\u00fan la ministra de Educaci\u00f3n, Gilda Alc\u00edvar, \u00abprecautelar\u00e1 a nuestros ni\u00f1os ante las amenazas reales del crimen organizado\u00bb. \u00abEl Plan Escudo permite que la Polic\u00eda Nacional, siguiendo estrictos protocolos de cuidado y atenci\u00f3n a nuestros ni\u00f1os y a su integridad, pueda intervenir dentro de unidades educativas, en coordinaci\u00f3n con los rectores, para poder hacer diferentes actividades de prevenci\u00f3n\u00bb, se\u00f1al\u00f3. Por su parte, el viceministro de Seguridad P\u00fablica, Jorge Rivadeneira, se\u00f1al\u00f3 que el plan busca impedir la infiltraci\u00f3n de grupos delictivos en escuelas y colegios, adem\u00e1s de responder a situaciones de riesgo, como la sospecha de que un estudiante porte armas blancas o sustancias sujetas a fiscalizaci\u00f3n, en medio del contexto de inseguridad que afecta al pa\u00eds. \u00abQueremos que los centros de educaci\u00f3n no sean v\u00edctimas de los grupos de delincuencia organizada. Lo que queremos b\u00e1sicamente es prevenci\u00f3n de cualquier tipo de delitos\u00bb, se\u00f1al\u00f3 Rivadeneira en rueda de prensa. El Ministerio del Interior tambi\u00e9n anunci\u00f3 que 12.000 polic\u00edas reforzar\u00e1n la vigilancia en los per\u00edmetros de m\u00e1s de 4.500 establecimientos educativos, mientras que en 59 planteles se realizar\u00e1 un trabajo focalizado. En materia de infraestructura, el Ministerio de Educaci\u00f3n inform\u00f3 que m\u00e1s de 700 establecimientos fueron intervenidos antes del inicio de clases, mientras que unas 120 instituciones todav\u00eda presentan problemas pendientes de atenci\u00f3n. Como parte de la preparaci\u00f3n para el nuevo a\u00f1o lectivo, las autoridades tambi\u00e9n realizaron simulacros y entregaron materiales para mitigar los posibles impactos asociados al fen\u00f3meno clim\u00e1tico de El Ni\u00f1o como inundaciones, desbordamientos de r\u00edos, deslizamientos y deslaves. Fin<\/p>\n","protected":false},"excerpt":{"rendered":"<p>QUITO, 1 sep (Xinhua) &#8212; M\u00e1s de 1,7 millones de estudiantes y cerca de 100.000&#8230;<\/p>\n","protected":false},"author":1,"featured_media":0,"comment_status":"closed","ping_status":"closed","sticky":false,"template":"","format":"standard","meta":{"footnotes":""},"categories":[2],"tags":[],"class_list":["post-118410","post","type-post","status-publish","format-standard","hentry","category-internacional"],"_links":{"self":[{"href":"https:\/\/informadorweb.com\/index.php?rest_route=\/wp\/v2\/posts\/118410","targetHints":{"allow":["GET"]}}],"collection":[{"href":"https:\/\/informadorweb.com\/index.php?rest_route=\/wp\/v2\/posts"}],"about":[{"href":"https:\/\/informadorweb.com\/index.php?rest_route=\/wp\/v2\/types\/post"}],"author":[{"embeddable":true,"href":"https:\/\/informadorweb.com\/index.php?rest_route=\/wp\/v2\/users\/1"}],"replies":[{"embeddable":true,"href":"https:\/\/informadorweb.com\/index.php?rest_route=%2Fwp%2Fv2%2Fcomments&post=118410"}],"version-history":[{"count":1,"href":"https:\/\/informadorweb.com\/index.php?rest_route=\/wp\/v2\/posts\/118410\/revisions"}],"predecessor-version":[{"id":118411,"href":"https:\/\/informadorweb.com\/index.php?rest_route=\/wp\/v2\/posts\/118410\/revisions\/118411"}],"wp:attachment":[{"href":"https:\/\/informadorweb.com\/index.php?rest_route=%2Fwp%2Fv2%2Fmedia&parent=118410"}],"wp:term":[{"taxonomy":"category","embeddable":true,"href":"https:\/\/informadorweb.com\/index.php?rest_route=%2Fwp%2Fv2%2Fcategories&post=118410"},{"taxonomy":"post_tag","embeddable":true,"href":"https:\/\/informadorweb.com\/index.php?rest_route=%2Fwp%2Fv2%2Ftags&post=118410"}],"curies":[{"name":"wp","href":"https:\/\/api.w.org\/{rel}","templated":true}]}}