{"id":118408,"date":"2026-09-02T08:47:17","date_gmt":"2026-09-02T14:47:17","guid":{"rendered":"https:\/\/informadorweb.com\/?p=118408"},"modified":"2026-09-02T14:47:19","modified_gmt":"2026-09-02T14:47:19","slug":"declaran-estado-de-emergencia-en-893-distritos-de-peru-por-lluvias-asociadas-a-fenomeno-de-el-nino","status":"publish","type":"post","link":"https:\/\/informadorweb.com\/?p=118408","title":{"rendered":"Declaran estado de emergencia en 893 distritos de Per\u00fa por lluvias asociadas a fen\u00f3meno de El Ni\u00f1o"},"content":{"rendered":"<p>LIMA, 1 sep (Xinhua) &#8212; El Gobierno de Per\u00fa declar\u00f3 hoy estado de emergencia en al menos 893 distritos pertenecientes a 23 regiones del pa\u00eds sudamericano, debido al \u00abpeligro inminente\u00bb que representan las intensas lluvias asociadas al fen\u00f3meno climatol\u00f3gico de El Ni\u00f1o durante el per\u00edodo 2026-2027. La medida fue oficializada mediante el Decreto Supremo 124-2026-PCM publicado este martes en el diario oficial \u00abEl Peruano\u00bb y fij\u00f3 un plazo de 60 d\u00edas para la ejecuci\u00f3n de acciones excepcionales de mitigaci\u00f3n de riesgos. La declaratoria abarca diversas jurisdicciones de los departamentos de Amazonas, \u00c1ncash, Apur\u00edmac, Arequipa, Ayacucho, Cajamarca, Huancavelica, Hu\u00e1nuco, Ica, Jun\u00edn, La Libertad, Lambayeque, Lima, Loreto, Madre de Dios, Moquegua, Pasco, Piura, San Mart\u00edn, Tacna, Tumbes, Ucayali y el Callao. Durante la vigencia de la medida, las entidades competentes ejecutar\u00e1n acciones inmediatas orientadas a reducir el muy alto riesgo existente en los territorios se\u00f1alados, as\u00ed como las actividades correspondientes de respuesta y rehabilitaci\u00f3n de las zonas vulnerables. Los gobiernos regionales implementar\u00e1n los planes de intervenci\u00f3n bajo la coordinaci\u00f3n t\u00e9cnica y el seguimiento del Instituto Nacional de Defensa Civil (Indeci), al sumar la participaci\u00f3n articulada de ministerios e instituciones del pa\u00eds, tanto p\u00fablicas como privadas. La norma precisa tambi\u00e9n que las intervenciones deber\u00e1n mantener un nexo de causalidad con la eventualidad clim\u00e1tica y ajustarse durante su ejecuci\u00f3n, seg\u00fan los requerimientos de seguridad y los informes t\u00e9cnicos emitidos por los organismos especializados. El Gobierno peruano sustent\u00f3 la decisi\u00f3n en informes que advierten que la capacidad en cuanto a la respuesta de los gobiernos regionales para atender la amenaza clim\u00e1tica ha sido sobrepasada, lo que hace indispensable la asistencia operativa y t\u00e9cnica del nivel nacional. Fin<\/p>\n","protected":false},"excerpt":{"rendered":"<p>LIMA, 1 sep (Xinhua) &#8212; El Gobierno de Per\u00fa declar\u00f3 hoy estado de emergencia en&#8230;<\/p>\n","protected":false},"author":1,"featured_media":0,"comment_status":"closed","ping_status":"closed","sticky":false,"template":"","format":"standard","meta":{"footnotes":""},"categories":[2],"tags":[],"class_list":["post-118408","post","type-post","status-publish","format-standard","hentry","category-internacional"],"_links":{"self":[{"href":"https:\/\/informadorweb.com\/index.php?rest_route=\/wp\/v2\/posts\/118408","targetHints":{"allow":["GET"]}}],"collection":[{"href":"https:\/\/informadorweb.com\/index.php?rest_route=\/wp\/v2\/posts"}],"about":[{"href":"https:\/\/informadorweb.com\/index.php?rest_route=\/wp\/v2\/types\/post"}],"author":[{"embeddable":true,"href":"https:\/\/informadorweb.com\/index.php?rest_route=\/wp\/v2\/users\/1"}],"replies":[{"embeddable":true,"href":"https:\/\/informadorweb.com\/index.php?rest_route=%2Fwp%2Fv2%2Fcomments&post=118408"}],"version-history":[{"count":1,"href":"https:\/\/informadorweb.com\/index.php?rest_route=\/wp\/v2\/posts\/118408\/revisions"}],"predecessor-version":[{"id":118409,"href":"https:\/\/informadorweb.com\/index.php?rest_route=\/wp\/v2\/posts\/118408\/revisions\/118409"}],"wp:attachment":[{"href":"https:\/\/informadorweb.com\/index.php?rest_route=%2Fwp%2Fv2%2Fmedia&parent=118408"}],"wp:term":[{"taxonomy":"category","embeddable":true,"href":"https:\/\/informadorweb.com\/index.php?rest_route=%2Fwp%2Fv2%2Fcategories&post=118408"},{"taxonomy":"post_tag","embeddable":true,"href":"https:\/\/informadorweb.com\/index.php?rest_route=%2Fwp%2Fv2%2Ftags&post=118408"}],"curies":[{"name":"wp","href":"https:\/\/api.w.org\/{rel}","templated":true}]}}