{"id":118360,"date":"2026-09-02T08:35:02","date_gmt":"2026-09-02T14:35:02","guid":{"rendered":"https:\/\/informadorweb.com\/?p=118360"},"modified":"2026-09-02T14:35:04","modified_gmt":"2026-09-02T14:35:04","slug":"iran-indica-que-no-hay-razon-para-considerar-como-amenaza-acuerdo-de-defensa-trilateral","status":"publish","type":"post","link":"https:\/\/informadorweb.com\/?p=118360","title":{"rendered":"Ir\u00e1n indica que no hay raz\u00f3n para considerar como amenaza acuerdo de defensa trilateral"},"content":{"rendered":"<p>TEHER\u00c1N, 1 sep (Xinhua) &#8212; El portavoz del Ministerio de Relaciones Exteriores de Ir\u00e1n, Esmaeil Baghaei, dijo hoy martes que Teher\u00e1n no considera el acuerdo de defensa trilateral entre Arabia Saud\u00ed, Turqu\u00eda y Pakist\u00e1n como una amenaza. Al responder a una pregunta en una conferencia de prensa semanal en Teher\u00e1n, Baghaei indic\u00f3: \u00abNo vemos raz\u00f3n para considerar el tratado entre tres Estados musulmanes, que han sido repetidamente amenazados por Israel directa o indirectamente, como una amenaza contra nosotros\u00bb. A\u00f1adi\u00f3 que los pa\u00edses isl\u00e1micos de la regi\u00f3n han concluido que no pueden confiar en las promesas de Estados Unidos para su seguridad, ya que la principal preocupaci\u00f3n de Washington \u00abes proteger los intereses de Israel\u00bb, y que deben recurrir a la cooperaci\u00f3n y al fomento de la confianza entre ellos para garantizar su seguridad. \u00abEn este marco, la Rep\u00fablica Isl\u00e1mica de Ir\u00e1n ha estado en conversaciones con estos pa\u00edses\u00bb, asever\u00f3 Baghaei. \u00abTurqu\u00eda tambi\u00e9n es un vecino muy importante y sostiene buenas relaciones con nosotros, y sin duda continuaremos nuestras consultas en todas las \u00e1reas\u00bb. El Acuerdo de Defensa Conjunta de La Meca fue firmado el 7 de agosto en la ciudad saud\u00ed de La Meca por el pr\u00edncipe heredero y primer ministro saud\u00ed, Mohammed bin Salman bin Abdulaziz Al Saud, el presidente turco, Recep Tayyip Erdogan, y el primer ministro paquistan\u00ed, Muhammad Shehbaz Sharif. El acuerdo busca fortalecer la disuasi\u00f3n conjunta en medio de la creciente inestabilidad regional y global. Estipula que un ataque contra cualquiera de los firmantes ser\u00e1 considerado un ataque contra todos. Fin<\/p>\n","protected":false},"excerpt":{"rendered":"<p>TEHER\u00c1N, 1 sep (Xinhua) &#8212; El portavoz del Ministerio de Relaciones Exteriores de Ir\u00e1n, Esmaeil&#8230;<\/p>\n","protected":false},"author":1,"featured_media":0,"comment_status":"closed","ping_status":"closed","sticky":false,"template":"","format":"standard","meta":{"footnotes":""},"categories":[2],"tags":[],"class_list":["post-118360","post","type-post","status-publish","format-standard","hentry","category-internacional"],"_links":{"self":[{"href":"https:\/\/informadorweb.com\/index.php?rest_route=\/wp\/v2\/posts\/118360","targetHints":{"allow":["GET"]}}],"collection":[{"href":"https:\/\/informadorweb.com\/index.php?rest_route=\/wp\/v2\/posts"}],"about":[{"href":"https:\/\/informadorweb.com\/index.php?rest_route=\/wp\/v2\/types\/post"}],"author":[{"embeddable":true,"href":"https:\/\/informadorweb.com\/index.php?rest_route=\/wp\/v2\/users\/1"}],"replies":[{"embeddable":true,"href":"https:\/\/informadorweb.com\/index.php?rest_route=%2Fwp%2Fv2%2Fcomments&post=118360"}],"version-history":[{"count":1,"href":"https:\/\/informadorweb.com\/index.php?rest_route=\/wp\/v2\/posts\/118360\/revisions"}],"predecessor-version":[{"id":118361,"href":"https:\/\/informadorweb.com\/index.php?rest_route=\/wp\/v2\/posts\/118360\/revisions\/118361"}],"wp:attachment":[{"href":"https:\/\/informadorweb.com\/index.php?rest_route=%2Fwp%2Fv2%2Fmedia&parent=118360"}],"wp:term":[{"taxonomy":"category","embeddable":true,"href":"https:\/\/informadorweb.com\/index.php?rest_route=%2Fwp%2Fv2%2Fcategories&post=118360"},{"taxonomy":"post_tag","embeddable":true,"href":"https:\/\/informadorweb.com\/index.php?rest_route=%2Fwp%2Fv2%2Ftags&post=118360"}],"curies":[{"name":"wp","href":"https:\/\/api.w.org\/{rel}","templated":true}]}}