{"id":117931,"date":"2026-09-01T12:28:36","date_gmt":"2026-09-01T18:28:36","guid":{"rendered":"https:\/\/informadorweb.com\/?p=117931"},"modified":"2026-09-01T18:28:37","modified_gmt":"2026-09-01T18:28:37","slug":"iran-condena-apoyo-de-la-ue-a-operacion-economica-de-ee-uu-contra-su-pais","status":"publish","type":"post","link":"https:\/\/informadorweb.com\/?p=117931","title":{"rendered":"Ir\u00e1n condena apoyo de la UE a operaci\u00f3n econ\u00f3mica de EE. UU. contra su pa\u00eds"},"content":{"rendered":"<p>TEHER\u00c1N, 1 sep (Xinhua) &#8212; El portavoz del Ministerio de Asuntos Exteriores de Ir\u00e1n, Esmaeil Baghaei, conden\u00f3 el lunes el apoyo de la Uni\u00f3n Europea (UE) a una operaci\u00f3n econ\u00f3mica de Estados Unidos contra su pa\u00eds, se\u00f1alando que Europa ya no puede reivindicar la \u00abautonom\u00eda estrat\u00e9gica\u00bb. Baghaei hizo estas declaraciones mediante una publicaci\u00f3n en X, respondiendo a un comunicado de la UE emitido el lunes durante la reuni\u00f3n de ministros de Finanzas y gobernadores de bancos centrales del G20 celebrada en Asheville, Estados Unidos. La UE indic\u00f3 que \u00abacoge con satisfacci\u00f3n los esfuerzos encaminados a lograr que Ir\u00e1n cese sus actividades desestabilizadoras y entable negociaciones de paz con buena fe, tambi\u00e9n mediante presiones econ\u00f3micas adicionales, incluida la Operaci\u00f3n Paria Econ\u00f3mico liderada por Estados Unidos\u00bb. Baghaei asever\u00f3 que \u00abEuropa ya no puede hablar de &#8216;autonom\u00eda estrat\u00e9gica&#8217; cuando \u00fanicamente se limita a ejecutar las \u00f3rdenes de Washington\u00bb. La UE inst\u00f3 a mantener la diplomacia con Ir\u00e1n para garantizar la estabilidad regional y la libertad de navegaci\u00f3n por el estrecho de Ormuz, a\u00f1adiendo que sigue dispuesta a adoptar nuevas medidas y mantener la presi\u00f3n sobre Teher\u00e1n junto con Estados Unidos y otros socios. El 19 de agosto, el presidente de Estados Unidos, Donald Trump, anunci\u00f3 lo que calific\u00f3 como \u00abla operaci\u00f3n econ\u00f3mica m\u00e1s devastadora jam\u00e1s emprendida contra cualquier pa\u00eds\u00bb, advirtiendo de que los pa\u00edses que proporcionen una v\u00eda de supervivencia a Ir\u00e1n enfrentar\u00edan \u00abconsecuencias econ\u00f3micas tremendas\u00bb. Fin<\/p>\n","protected":false},"excerpt":{"rendered":"<p>TEHER\u00c1N, 1 sep (Xinhua) &#8212; El portavoz del Ministerio de Asuntos Exteriores de Ir\u00e1n, Esmaeil&#8230;<\/p>\n","protected":false},"author":1,"featured_media":0,"comment_status":"closed","ping_status":"closed","sticky":false,"template":"","format":"standard","meta":{"footnotes":""},"categories":[2],"tags":[],"class_list":["post-117931","post","type-post","status-publish","format-standard","hentry","category-internacional"],"_links":{"self":[{"href":"https:\/\/informadorweb.com\/index.php?rest_route=\/wp\/v2\/posts\/117931","targetHints":{"allow":["GET"]}}],"collection":[{"href":"https:\/\/informadorweb.com\/index.php?rest_route=\/wp\/v2\/posts"}],"about":[{"href":"https:\/\/informadorweb.com\/index.php?rest_route=\/wp\/v2\/types\/post"}],"author":[{"embeddable":true,"href":"https:\/\/informadorweb.com\/index.php?rest_route=\/wp\/v2\/users\/1"}],"replies":[{"embeddable":true,"href":"https:\/\/informadorweb.com\/index.php?rest_route=%2Fwp%2Fv2%2Fcomments&post=117931"}],"version-history":[{"count":1,"href":"https:\/\/informadorweb.com\/index.php?rest_route=\/wp\/v2\/posts\/117931\/revisions"}],"predecessor-version":[{"id":117932,"href":"https:\/\/informadorweb.com\/index.php?rest_route=\/wp\/v2\/posts\/117931\/revisions\/117932"}],"wp:attachment":[{"href":"https:\/\/informadorweb.com\/index.php?rest_route=%2Fwp%2Fv2%2Fmedia&parent=117931"}],"wp:term":[{"taxonomy":"category","embeddable":true,"href":"https:\/\/informadorweb.com\/index.php?rest_route=%2Fwp%2Fv2%2Fcategories&post=117931"},{"taxonomy":"post_tag","embeddable":true,"href":"https:\/\/informadorweb.com\/index.php?rest_route=%2Fwp%2Fv2%2Ftags&post=117931"}],"curies":[{"name":"wp","href":"https:\/\/api.w.org\/{rel}","templated":true}]}}