{"id":117927,"date":"2026-09-01T12:27:18","date_gmt":"2026-09-01T18:27:18","guid":{"rendered":"https:\/\/informadorweb.com\/?p=117927"},"modified":"2026-09-01T18:27:20","modified_gmt":"2026-09-01T18:27:20","slug":"ampliacion-apunalamiento-en-times-square-de-nueva-york-deja-un-muerto-y-un-herido","status":"publish","type":"post","link":"https:\/\/informadorweb.com\/?p=117927","title":{"rendered":"Ampliaci\u00f3n: Apu\u00f1alamiento en Times Square de Nueva York deja un muerto y un herido"},"content":{"rendered":"<p>NUEVA YORK, 31 ago (Xinhua) &#8212; Una persona muri\u00f3 y otra result\u00f3 herida tras un apu\u00f1alamiento perpetrado el lunes por la tarde por una mujer armada con cuchillos cerca de Times Square, en la ciudad estadounidense de Nueva York, informaron las autoridades. La Polic\u00eda confirm\u00f3 que la sospechosa fue abatida a tiros por los agentes despu\u00e9s de negarse a soltar los cuchillos. \u00abUna de las v\u00edctimas ha fallecido\u00bb, declar\u00f3 el alcalde de Nueva York, Zohran Mamdani, en una rueda de prensa. Y a\u00f1adi\u00f3 que \u00abla segunda v\u00edctima se encuentra estable actualmente en el hospital\u00bb. La sospechosa, que parec\u00eda sufrir trastornos emocionales, amenaz\u00f3 a varias personas con dos cuchillos largos antes de apu\u00f1alar a las v\u00edctimas, declar\u00f3 un testigo a la Polic\u00eda. Jessica Tisch, comisaria de polic\u00eda de la Ciudad de Nueva York, calific\u00f3 el incidente como \u00abun ataque aleatorio y sin provocaci\u00f3n\u00bb. La Polic\u00eda cerr\u00f3 las calles de los alrededores mientras continuaba la investigaci\u00f3n. Fin<\/p>\n","protected":false},"excerpt":{"rendered":"<p>NUEVA YORK, 31 ago (Xinhua) &#8212; Una persona muri\u00f3 y otra result\u00f3 herida tras un&#8230;<\/p>\n","protected":false},"author":1,"featured_media":0,"comment_status":"closed","ping_status":"closed","sticky":false,"template":"","format":"standard","meta":{"footnotes":""},"categories":[2],"tags":[],"class_list":["post-117927","post","type-post","status-publish","format-standard","hentry","category-internacional"],"_links":{"self":[{"href":"https:\/\/informadorweb.com\/index.php?rest_route=\/wp\/v2\/posts\/117927","targetHints":{"allow":["GET"]}}],"collection":[{"href":"https:\/\/informadorweb.com\/index.php?rest_route=\/wp\/v2\/posts"}],"about":[{"href":"https:\/\/informadorweb.com\/index.php?rest_route=\/wp\/v2\/types\/post"}],"author":[{"embeddable":true,"href":"https:\/\/informadorweb.com\/index.php?rest_route=\/wp\/v2\/users\/1"}],"replies":[{"embeddable":true,"href":"https:\/\/informadorweb.com\/index.php?rest_route=%2Fwp%2Fv2%2Fcomments&post=117927"}],"version-history":[{"count":1,"href":"https:\/\/informadorweb.com\/index.php?rest_route=\/wp\/v2\/posts\/117927\/revisions"}],"predecessor-version":[{"id":117928,"href":"https:\/\/informadorweb.com\/index.php?rest_route=\/wp\/v2\/posts\/117927\/revisions\/117928"}],"wp:attachment":[{"href":"https:\/\/informadorweb.com\/index.php?rest_route=%2Fwp%2Fv2%2Fmedia&parent=117927"}],"wp:term":[{"taxonomy":"category","embeddable":true,"href":"https:\/\/informadorweb.com\/index.php?rest_route=%2Fwp%2Fv2%2Fcategories&post=117927"},{"taxonomy":"post_tag","embeddable":true,"href":"https:\/\/informadorweb.com\/index.php?rest_route=%2Fwp%2Fv2%2Ftags&post=117927"}],"curies":[{"name":"wp","href":"https:\/\/api.w.org\/{rel}","templated":true}]}}