{"id":117907,"date":"2026-09-01T12:22:48","date_gmt":"2026-09-01T18:22:48","guid":{"rendered":"https:\/\/informadorweb.com\/?p=117907"},"modified":"2026-09-01T18:22:49","modified_gmt":"2026-09-01T18:22:49","slug":"llevan-a-cabo-ceremonias-funebres-para-victimas-de-fatal-avalancha-de-lodo-en-xizang","status":"publish","type":"post","link":"https:\/\/informadorweb.com\/?p=117907","title":{"rendered":"Llevan a cabo ceremonias f\u00fanebres para v\u00edctimas de fatal avalancha de lodo en Xizang"},"content":{"rendered":"<div class=\"el-scrollbar__wrap\">\n<div class=\"el-scrollbar__view\">\n<div class=\"news-content\" data-v-e79c3ee4=\"\">GYIRONG, Xizang, 1 sep (Xinhua) &#8212; El distrito de Gyirong, en la suroccidental regi\u00f3n aut\u00f3noma china de Xizang, llev\u00f3 a cabo hoy martes por la ma\u00f1ana ceremonias f\u00fanebres para honrar a las v\u00edctimas de la avalancha de lodo ocurrida el 26 de agosto, que dej\u00f3 numerosos muertos y un gran n\u00famero de desaparecidos. Fin<\/div>\n<\/div>\n<\/div>\n<div class=\"el-scrollbar__bar is-horizontal\"><\/div>\n","protected":false},"excerpt":{"rendered":"<p>GYIRONG, Xizang, 1 sep (Xinhua) &#8212; El distrito de Gyirong, en la suroccidental regi\u00f3n aut\u00f3noma&#8230;<\/p>\n","protected":false},"author":1,"featured_media":0,"comment_status":"closed","ping_status":"closed","sticky":false,"template":"","format":"standard","meta":{"footnotes":""},"categories":[2],"tags":[],"class_list":["post-117907","post","type-post","status-publish","format-standard","hentry","category-internacional"],"_links":{"self":[{"href":"https:\/\/informadorweb.com\/index.php?rest_route=\/wp\/v2\/posts\/117907","targetHints":{"allow":["GET"]}}],"collection":[{"href":"https:\/\/informadorweb.com\/index.php?rest_route=\/wp\/v2\/posts"}],"about":[{"href":"https:\/\/informadorweb.com\/index.php?rest_route=\/wp\/v2\/types\/post"}],"author":[{"embeddable":true,"href":"https:\/\/informadorweb.com\/index.php?rest_route=\/wp\/v2\/users\/1"}],"replies":[{"embeddable":true,"href":"https:\/\/informadorweb.com\/index.php?rest_route=%2Fwp%2Fv2%2Fcomments&post=117907"}],"version-history":[{"count":1,"href":"https:\/\/informadorweb.com\/index.php?rest_route=\/wp\/v2\/posts\/117907\/revisions"}],"predecessor-version":[{"id":117908,"href":"https:\/\/informadorweb.com\/index.php?rest_route=\/wp\/v2\/posts\/117907\/revisions\/117908"}],"wp:attachment":[{"href":"https:\/\/informadorweb.com\/index.php?rest_route=%2Fwp%2Fv2%2Fmedia&parent=117907"}],"wp:term":[{"taxonomy":"category","embeddable":true,"href":"https:\/\/informadorweb.com\/index.php?rest_route=%2Fwp%2Fv2%2Fcategories&post=117907"},{"taxonomy":"post_tag","embeddable":true,"href":"https:\/\/informadorweb.com\/index.php?rest_route=%2Fwp%2Fv2%2Ftags&post=117907"}],"curies":[{"name":"wp","href":"https:\/\/api.w.org\/{rel}","templated":true}]}}