{"id":117905,"date":"2026-09-01T12:22:27","date_gmt":"2026-09-01T18:22:27","guid":{"rendered":"https:\/\/informadorweb.com\/?p=117905"},"modified":"2026-09-01T18:22:29","modified_gmt":"2026-09-01T18:22:29","slug":"brasil-refuerza-su-apoyo-a-la-candidatura-de-michelle-bachelet-para-la-secretaria-general-de-la-onu","status":"publish","type":"post","link":"https:\/\/informadorweb.com\/?p=117905","title":{"rendered":"Brasil refuerza su apoyo a la candidatura de Michelle Bachelet para la Secretar\u00eda General de la ONU"},"content":{"rendered":"<div class=\"el-scrollbar__wrap\">\n<div class=\"el-scrollbar__view\">\n<div class=\"news-content\" data-v-e79c3ee4=\"\">R\u00cdO DE JANEIRO, 31 ago (Xinhua) &#8212; El presidente brasile\u00f1o, Luiz In\u00e1cio Lula da Silva, recibi\u00f3 hoy lunes en Brasilia a la expresidenta chilena Michelle Bachelet para discutir su candidatura a la Secretar\u00eda General de las Naciones Unidas (ONU), en un momento en que la aspiraci\u00f3n de la dirigente latinoamericana enfrenta dificultades tras las primeras consultas realizadas en el Consejo de Seguridad. Bachelet cuenta con el apoyo formal de Brasil y M\u00e9xico, pero perdi\u00f3 el respaldo de su propio pa\u00eds despu\u00e9s de la llegada al poder en Chile del presidente Jos\u00e9 Antonio Kast, quien retir\u00f3 la nominaci\u00f3n de la exmandataria. La candidatura tambi\u00e9n enfrenta obst\u00e1culos en el Consejo de Seguridad de la ONU. Seg\u00fan informaciones publicadas este domingo, Bachelet tuvo un desempe\u00f1o inferior al de otras aspirantes latinoamericanas en las dos primeras rondas informales de consultas entre los miembros del organismo. En la segunda ronda, la expresidenta chilena recibi\u00f3 apenas dos votos de est\u00edmulo, mientras otras candidatas, como la costarricense Rebeca Grynspan y la guyanesa Carolyn Birkett, obtuvieron una mejor evaluaci\u00f3n. La situaci\u00f3n llev\u00f3 a Lula a reunirse nuevamente con Bachelet para analizar la estrategia de su candidatura y las posibilidades de fortalecer su respaldo internacional antes de las pr\u00f3ximas etapas del proceso de selecci\u00f3n. Brasil y M\u00e9xico han defendido p\u00fablicamente la elecci\u00f3n de una mujer latinoamericana para dirigir la ONU, organizaci\u00f3n que nunca ha tenido una secretaria general. Bachelet, de 74 a\u00f1os, fue presidenta de Chile en dos ocasiones y posteriormente ocup\u00f3 cargos relevantes dentro del sistema de Naciones Unidas, entre ellos el de directora ejecutiva de ONU Mujeres y alta comisionada de la ONU para los Derechos Humanos. Fin<\/div>\n<\/div>\n<\/div>\n<div class=\"el-scrollbar__bar is-horizontal\"><\/div>\n","protected":false},"excerpt":{"rendered":"<p>R\u00cdO DE JANEIRO, 31 ago (Xinhua) &#8212; El presidente brasile\u00f1o, Luiz In\u00e1cio Lula da Silva,&#8230;<\/p>\n","protected":false},"author":1,"featured_media":0,"comment_status":"closed","ping_status":"closed","sticky":false,"template":"","format":"standard","meta":{"footnotes":""},"categories":[2],"tags":[],"class_list":["post-117905","post","type-post","status-publish","format-standard","hentry","category-internacional"],"_links":{"self":[{"href":"https:\/\/informadorweb.com\/index.php?rest_route=\/wp\/v2\/posts\/117905","targetHints":{"allow":["GET"]}}],"collection":[{"href":"https:\/\/informadorweb.com\/index.php?rest_route=\/wp\/v2\/posts"}],"about":[{"href":"https:\/\/informadorweb.com\/index.php?rest_route=\/wp\/v2\/types\/post"}],"author":[{"embeddable":true,"href":"https:\/\/informadorweb.com\/index.php?rest_route=\/wp\/v2\/users\/1"}],"replies":[{"embeddable":true,"href":"https:\/\/informadorweb.com\/index.php?rest_route=%2Fwp%2Fv2%2Fcomments&post=117905"}],"version-history":[{"count":1,"href":"https:\/\/informadorweb.com\/index.php?rest_route=\/wp\/v2\/posts\/117905\/revisions"}],"predecessor-version":[{"id":117906,"href":"https:\/\/informadorweb.com\/index.php?rest_route=\/wp\/v2\/posts\/117905\/revisions\/117906"}],"wp:attachment":[{"href":"https:\/\/informadorweb.com\/index.php?rest_route=%2Fwp%2Fv2%2Fmedia&parent=117905"}],"wp:term":[{"taxonomy":"category","embeddable":true,"href":"https:\/\/informadorweb.com\/index.php?rest_route=%2Fwp%2Fv2%2Fcategories&post=117905"},{"taxonomy":"post_tag","embeddable":true,"href":"https:\/\/informadorweb.com\/index.php?rest_route=%2Fwp%2Fv2%2Ftags&post=117905"}],"curies":[{"name":"wp","href":"https:\/\/api.w.org\/{rel}","templated":true}]}}