{"id":117883,"date":"2026-09-01T11:46:11","date_gmt":"2026-09-01T17:46:11","guid":{"rendered":"https:\/\/informadorweb.com\/?p=117883"},"modified":"2026-09-01T17:46:12","modified_gmt":"2026-09-01T17:46:12","slug":"brasil-reitera-insatisfaccion-por-aranceles-y-acusa-a-eeuu-de-practicas-discriminatorias","status":"publish","type":"post","link":"https:\/\/informadorweb.com\/?p=117883","title":{"rendered":"Brasil reitera insatisfacci\u00f3n por aranceles y acusa a EEUU de pr\u00e1cticas discriminatorias"},"content":{"rendered":"<p>BRASILIA, 31 ago (Xinhua) &#8212; Brasil reiter\u00f3 hoy su insatisfacci\u00f3n con los aranceles impuestos por Estados Unidos y afirm\u00f3 que las medidas adoptadas por Washington son discriminatorias e incompatibles con las normas internacionales de comercio. La postura fue presentada por los ministros de Relaciones Exteriores, Mauro Vieira, y de Desarrollo, Industria, Comercio y Servicios, M\u00e1rcio Elias Rosa, en una reuni\u00f3n virtual con el representante de Comercio de Estados Unidos, Jamieson Greer, celebrada este lunes. En un comunicado conjunto, los ministerios consideraron injusto el trato dado a Brasil y afirmaron que las justificaciones presentadas en las investigaciones estadounidenses no se corresponden con las pr\u00e1cticas brasile\u00f1as reales. Los ministros \u00abindicaron que las justificaciones presentadas por el Gobierno de Estados Unidos, en las conclusiones de las investigaciones realizadas al amparo de la Secci\u00f3n 301 de la Ley de Comercio estadounidense, no corresponden a las pr\u00e1cticas efectivas brasile\u00f1as, siendo injusto el trato discriminatorio adoptado contra Brasil\u00bb. A pesar de las discrepancias, ambos pa\u00edses decidieron mantener las negociaciones. En las pr\u00f3ximas semanas se celebrar\u00e1n reuniones t\u00e9cnicas, ya sean virtuales o presenciales, seguidas de un nuevo encuentro ministerial para evaluar los avances. El Gobierno brasile\u00f1o afirm\u00f3 que seguir\u00e1 buscando \u00abun acuerdo equilibrado y mutuamente beneficioso\u00bb con Estados Unidos, respetando el di\u00e1logo y la soberan\u00eda nacional. La reanudaci\u00f3n de las conversaciones se produce tras la llamada telef\u00f3nica entre los presidentes Luiz In\u00e1cio Lula da Silva y Donald Trump, el 21 de agosto. En esa ocasi\u00f3n, el l\u00edder brasile\u00f1o volvi\u00f3 a cuestionar los aranceles y Trump propuso reanudar las negociaciones. En julio, La Oficina del Representante Comercial de Estados Unidos (USTR, por sus siglas en ingl\u00e9s) impuso una sobretasa del 25 por ciento a varios productos procedentes de Brasil, tras cerca de un a\u00f1o de an\u00e1lisis. Posteriormente se aplic\u00f3 una sobretasa adicional del 12,5 por ciento a m\u00e1s productos brasile\u00f1os. Fin<\/p>\n","protected":false},"excerpt":{"rendered":"<p>BRASILIA, 31 ago (Xinhua) &#8212; Brasil reiter\u00f3 hoy su insatisfacci\u00f3n con los aranceles impuestos por&#8230;<\/p>\n","protected":false},"author":1,"featured_media":0,"comment_status":"closed","ping_status":"closed","sticky":false,"template":"","format":"standard","meta":{"footnotes":""},"categories":[2],"tags":[],"class_list":["post-117883","post","type-post","status-publish","format-standard","hentry","category-internacional"],"_links":{"self":[{"href":"https:\/\/informadorweb.com\/index.php?rest_route=\/wp\/v2\/posts\/117883","targetHints":{"allow":["GET"]}}],"collection":[{"href":"https:\/\/informadorweb.com\/index.php?rest_route=\/wp\/v2\/posts"}],"about":[{"href":"https:\/\/informadorweb.com\/index.php?rest_route=\/wp\/v2\/types\/post"}],"author":[{"embeddable":true,"href":"https:\/\/informadorweb.com\/index.php?rest_route=\/wp\/v2\/users\/1"}],"replies":[{"embeddable":true,"href":"https:\/\/informadorweb.com\/index.php?rest_route=%2Fwp%2Fv2%2Fcomments&post=117883"}],"version-history":[{"count":1,"href":"https:\/\/informadorweb.com\/index.php?rest_route=\/wp\/v2\/posts\/117883\/revisions"}],"predecessor-version":[{"id":117884,"href":"https:\/\/informadorweb.com\/index.php?rest_route=\/wp\/v2\/posts\/117883\/revisions\/117884"}],"wp:attachment":[{"href":"https:\/\/informadorweb.com\/index.php?rest_route=%2Fwp%2Fv2%2Fmedia&parent=117883"}],"wp:term":[{"taxonomy":"category","embeddable":true,"href":"https:\/\/informadorweb.com\/index.php?rest_route=%2Fwp%2Fv2%2Fcategories&post=117883"},{"taxonomy":"post_tag","embeddable":true,"href":"https:\/\/informadorweb.com\/index.php?rest_route=%2Fwp%2Fv2%2Ftags&post=117883"}],"curies":[{"name":"wp","href":"https:\/\/api.w.org\/{rel}","templated":true}]}}