{"id":117871,"date":"2026-09-01T11:41:14","date_gmt":"2026-09-01T17:41:14","guid":{"rendered":"https:\/\/informadorweb.com\/?p=117871"},"modified":"2026-09-01T17:41:18","modified_gmt":"2026-09-01T17:41:18","slug":"reduccion-de-tasas-y-superavit-sin-cortar-gasto-social-son-dos-objetivos-de-lula-en-caso-de-ser-reelecto-en-brasil","status":"publish","type":"post","link":"https:\/\/informadorweb.com\/?p=117871","title":{"rendered":"Reducci\u00f3n de tasas y super\u00e1vit sin cortar gasto social son dos objetivos de Lula en caso de ser reelecto en Brasil"},"content":{"rendered":"<p>SAO PAULO, 31 ago (Xinhua) &#8212; El ministro de Hacienda de Brasil, Dario Durigan, afirm\u00f3 este lunes que la reducci\u00f3n de las tasas de inter\u00e9s es una prioridad para destrabar las inversiones privadas y anunci\u00f3 que el pa\u00eds registrar\u00e1 super\u00e1vits primarios crecientes y recurrentes a partir de 2027, en caso de una eventual reelecci\u00f3n del presidente Luiz In\u00e1cio Lula da Silva en las elecciones generales del pr\u00f3ximo 4 de octubre. \u00abReducir las tasas de inter\u00e9s a un nivel civilizado es fundamental para liberar el potencial de inversi\u00f3n del sector privado\u00bb, expres\u00f3 Durigan durante su participaci\u00f3n en un evento sobre macroeconom\u00eda organizado por el banco de inversiones BTG Pactual, en Sao Paulo. La tasa de referencia de la econom\u00eda de Brasil se encuentra en 14 por ciento anual, despu\u00e9s de que el Banco Central la redujera en agosto desde el 14,25 por ciento. Descontada la inflaci\u00f3n, permanece entre las m\u00e1s elevadas del mundo. Durigan sostuvo que el nivel actual de los intereses \u00abhace mucho da\u00f1o\u00bb al Tesoro Nacional, las familias, los agricultores y las empresas, adem\u00e1s de representar un obst\u00e1culo para ampliar las inversiones privadas. \u00abEl pa\u00eds necesita impulsar las inversiones, pero no vamos a conseguir inversi\u00f3n privada con una tasa de inter\u00e9s en este nivel\u00bb, sostuvo el ministro. La tasa de inter\u00e9s es una herramienta del Banco Central para cumplir las metas de inflaci\u00f3n. Respecto de las cuentas p\u00fablicas, Durigan afirm\u00f3 que el super\u00e1vit primario previsto para 2027 deber\u00e1 servir de base para resultados positivos mayores en los a\u00f1os siguientes. El ministro defendi\u00f3 un ajuste fiscal basado en el di\u00e1logo pol\u00edtico y el respeto democr\u00e1tico guardando los intereses de las poblaciones m\u00e1s vulnerables. Durigan sostuvo que el actual marco fiscal debe ser fortalecido y no sustituido, mediante una mayor racionalidad de las reglas, el control de los gastos obligatorios y la continuidad de la revisi\u00f3n de los beneficios tributarios. El ministro defendi\u00f3 adem\u00e1s una mayor eficiencia en la concesi\u00f3n y fiscalizaci\u00f3n de beneficios sociales y cit\u00f3 el programa Bolsa Familia como ejemplo. Seg\u00fan sus declaraciones, en 2025, el 90 por ciento de las personas que consiguieron empleo formal salieron del programa. Fin<\/p>\n","protected":false},"excerpt":{"rendered":"<p>SAO PAULO, 31 ago (Xinhua) &#8212; El ministro de Hacienda de Brasil, Dario Durigan, afirm\u00f3&#8230;<\/p>\n","protected":false},"author":1,"featured_media":0,"comment_status":"closed","ping_status":"closed","sticky":false,"template":"","format":"standard","meta":{"footnotes":""},"categories":[2],"tags":[],"class_list":["post-117871","post","type-post","status-publish","format-standard","hentry","category-internacional"],"_links":{"self":[{"href":"https:\/\/informadorweb.com\/index.php?rest_route=\/wp\/v2\/posts\/117871","targetHints":{"allow":["GET"]}}],"collection":[{"href":"https:\/\/informadorweb.com\/index.php?rest_route=\/wp\/v2\/posts"}],"about":[{"href":"https:\/\/informadorweb.com\/index.php?rest_route=\/wp\/v2\/types\/post"}],"author":[{"embeddable":true,"href":"https:\/\/informadorweb.com\/index.php?rest_route=\/wp\/v2\/users\/1"}],"replies":[{"embeddable":true,"href":"https:\/\/informadorweb.com\/index.php?rest_route=%2Fwp%2Fv2%2Fcomments&post=117871"}],"version-history":[{"count":1,"href":"https:\/\/informadorweb.com\/index.php?rest_route=\/wp\/v2\/posts\/117871\/revisions"}],"predecessor-version":[{"id":117872,"href":"https:\/\/informadorweb.com\/index.php?rest_route=\/wp\/v2\/posts\/117871\/revisions\/117872"}],"wp:attachment":[{"href":"https:\/\/informadorweb.com\/index.php?rest_route=%2Fwp%2Fv2%2Fmedia&parent=117871"}],"wp:term":[{"taxonomy":"category","embeddable":true,"href":"https:\/\/informadorweb.com\/index.php?rest_route=%2Fwp%2Fv2%2Fcategories&post=117871"},{"taxonomy":"post_tag","embeddable":true,"href":"https:\/\/informadorweb.com\/index.php?rest_route=%2Fwp%2Fv2%2Ftags&post=117871"}],"curies":[{"name":"wp","href":"https:\/\/api.w.org\/{rel}","templated":true}]}}