{"id":117865,"date":"2026-09-01T11:36:27","date_gmt":"2026-09-01T17:36:27","guid":{"rendered":"https:\/\/informadorweb.com\/?p=117865"},"modified":"2026-09-01T17:36:28","modified_gmt":"2026-09-01T17:36:28","slug":"bolivia-y-chile-apuestan-por-mayor-conexion-en-seguridad-e-inteligencia","status":"publish","type":"post","link":"https:\/\/informadorweb.com\/?p=117865","title":{"rendered":"Bolivia y Chile apuestan por mayor conexi\u00f3n en seguridad e inteligencia"},"content":{"rendered":"<p>LA PAZ, 31 ago (Xinhua) &#8212; Las polic\u00edas nacionales de Bolivia y Chile profundizar\u00e1n la cooperaci\u00f3n en seguridad e inteligencia, al poner en marcha un mecanismo de coordinaci\u00f3n entre ambas corporaciones para responder al avance del crimen transnacional y a los desaf\u00edos de una frontera com\u00fan, inform\u00f3 hoy lunes el ministro boliviano de Gobierno, Marco Antonio Oviedo. La iniciativa fue formalizada en el marco de la Primera Reuni\u00f3n de Altos Mandos Policiales y Unidades Especializadas Bolivia-Chile. El encuentro convoc\u00f3 por parte de la naci\u00f3n anfitriona a representantes de la Polic\u00eda Boliviana, mientras que por la parte chilena estuvieron representantes de Carabineros (Polic\u00eda militarizada) y de la Polic\u00eda de Investigaciones (PDI), en la ciudad boliviana de La Paz. La actividad tuvo como objetivo central avanzar hacia una cooperaci\u00f3n permanente, basada en el intercambio de informaci\u00f3n, experiencias, capacidades y estrategias para enfrentar delitos en ambos lados de la frontera. \u00abEse es el prop\u00f3sito de esto (&#8230;) que podamos trabajar como dos pa\u00edses hermanos para combatir el delito y el crimen\u00bb, afirm\u00f3 el ministro de Gobierno de Bolivia, Marco Antonio Oviedo, durante el evento binacional. Oviedo destac\u00f3 la importancia de que sean las propias instituciones policiales las que conduzcan esa nueva etapa de cooperaci\u00f3n con \u00e9nfasis en el trabajo t\u00e9cnico y operativo. A juicio del ministro de Gobierno, la magnitud alcanzada por los delitos transnacionales y el uso creciente de tecnolog\u00eda obligan a los dos pa\u00edses a mejorar los mecanismos de coordinaci\u00f3n. Por su parte, el director general de la PDI de Chile, Eduardo Cerna Lozano, defendi\u00f3 en el encuentro que la coordinaci\u00f3n entre ambas instituciones sea permanente, planificada y sostenida. La cooperaci\u00f3n contempla reuniones de altos mandos, intercambio de informaci\u00f3n y una mayor coordinaci\u00f3n entre unidades especializadas. Apunta tambi\u00e9n a mejorar las capacidades para enfrentar amenazas comunes y facilitar una actuaci\u00f3n coordinada cuando las investigaciones o las organizaciones criminales superen las fronteras entre ambas naciones. El Gobierno boliviano ya ha anunciado mecanismos de coordinaci\u00f3n similares con otros pa\u00edses vecinos, entre ellos Brasil, adem\u00e1s de ampliar de manera progresiva esa pol\u00edtica hacia Argentina y Paraguay. Bolivia y Chile comparten m\u00e1s 860 kil\u00f3metros de frontera y diversidad de delitos comunes que afectan la zona como el narcotr\u00e1fico y el tr\u00e1fico de personas. Fin<\/p>\n","protected":false},"excerpt":{"rendered":"<p>LA PAZ, 31 ago (Xinhua) &#8212; Las polic\u00edas nacionales de Bolivia y Chile profundizar\u00e1n la&#8230;<\/p>\n","protected":false},"author":1,"featured_media":0,"comment_status":"closed","ping_status":"closed","sticky":false,"template":"","format":"standard","meta":{"footnotes":""},"categories":[2],"tags":[],"class_list":["post-117865","post","type-post","status-publish","format-standard","hentry","category-internacional"],"_links":{"self":[{"href":"https:\/\/informadorweb.com\/index.php?rest_route=\/wp\/v2\/posts\/117865","targetHints":{"allow":["GET"]}}],"collection":[{"href":"https:\/\/informadorweb.com\/index.php?rest_route=\/wp\/v2\/posts"}],"about":[{"href":"https:\/\/informadorweb.com\/index.php?rest_route=\/wp\/v2\/types\/post"}],"author":[{"embeddable":true,"href":"https:\/\/informadorweb.com\/index.php?rest_route=\/wp\/v2\/users\/1"}],"replies":[{"embeddable":true,"href":"https:\/\/informadorweb.com\/index.php?rest_route=%2Fwp%2Fv2%2Fcomments&post=117865"}],"version-history":[{"count":1,"href":"https:\/\/informadorweb.com\/index.php?rest_route=\/wp\/v2\/posts\/117865\/revisions"}],"predecessor-version":[{"id":117866,"href":"https:\/\/informadorweb.com\/index.php?rest_route=\/wp\/v2\/posts\/117865\/revisions\/117866"}],"wp:attachment":[{"href":"https:\/\/informadorweb.com\/index.php?rest_route=%2Fwp%2Fv2%2Fmedia&parent=117865"}],"wp:term":[{"taxonomy":"category","embeddable":true,"href":"https:\/\/informadorweb.com\/index.php?rest_route=%2Fwp%2Fv2%2Fcategories&post=117865"},{"taxonomy":"post_tag","embeddable":true,"href":"https:\/\/informadorweb.com\/index.php?rest_route=%2Fwp%2Fv2%2Ftags&post=117865"}],"curies":[{"name":"wp","href":"https:\/\/api.w.org\/{rel}","templated":true}]}}