{"id":117845,"date":"2026-09-01T11:13:02","date_gmt":"2026-09-01T17:13:02","guid":{"rendered":"https:\/\/informadorweb.com\/?p=117845"},"modified":"2026-09-01T17:13:04","modified_gmt":"2026-09-01T17:13:04","slug":"gobierno-boliviano-confirma-renuncia-del-comandante-general-de-la-policia","status":"publish","type":"post","link":"https:\/\/informadorweb.com\/?p=117845","title":{"rendered":"Gobierno boliviano confirma renuncia del comandante general de la Polic\u00eda"},"content":{"rendered":"<p>LA PAZ, 31 ago (Xinhua) &#8212; El comandante general de la Polic\u00eda Boliviana, general Mirko Sokol, present\u00f3 su renuncia al cargo, apenas nueve meses despu\u00e9s de asumir el mando de la instituci\u00f3n, decisi\u00f3n que fue aceptada por el presidente Rodrigo Paz Pereira, confirm\u00f3 hoy lunes el Gobierno de Bolivia. El ministro de Gobierno, Marco Antonio Oviedo, comunic\u00f3 este lunes a periodistas la dimisi\u00f3n y se\u00f1al\u00f3 que el propio presidente Paz Pereira le comunic\u00f3 la decisi\u00f3n de aceptar la renuncia y designar en breve a un nuevo comandante nacional de la Polic\u00eda. \u00ab\u00c9l (Sokol) present\u00f3 su renuncia. El presidente me ha dicho que se le acepta y que se nombrar\u00e1 un nuevo comandante nacional\u00bb, afirm\u00f3 Oviedo, despu\u00e9s de participar en un acto de coordinaci\u00f3n entre miembros del alto mando policial, as\u00ed como unidades especializadas de las polic\u00edas de Bolivia y Chile. La salida de Sokol se produce sin que el Gobierno haya anunciado por ahora la destituci\u00f3n, ni atribuido en forma p\u00fablica la renuncia a una crisis dentro de la instituci\u00f3n. Consultado sobre las razones de la renuncia, Oviedo respondi\u00f3 que seg\u00fan la informaci\u00f3n que recibi\u00f3, el general consider\u00f3 que hab\u00eda \u00abcumplido un ciclo\u00bb. \u00abRespetamos la decisi\u00f3n de un polic\u00eda de tanto m\u00e9rito como es el general Sokol\u00bb, a\u00f1adi\u00f3 el ministro, en un mensaje que busc\u00f3 cerrar cualquier interpretaci\u00f3n sobre una ruptura entre el Ejecutivo y quien hasta este lunes estaba al frente de la fuerza policial. Sokol hab\u00eda asumido la comandancia nacional en noviembre de 2025, poco despu\u00e9s de la llegada de Paz Pereira a la Presidencia de Bolivia. Su permanencia en el puesto se extendi\u00f3 durante una etapa de profundas dificultades econ\u00f3micas y sociales, adem\u00e1s de una creciente presi\u00f3n sobre las fuerzas de seguridad por el avance de organizaciones criminales. El cambio de mando se produce tambi\u00e9n cuando faltan 18 d\u00edas para que concluya el \u00abestado de excepci\u00f3n\u00bb decretado por el Gobierno, en medio de una crisis que combina violencia, protestas y bloqueos de carreteras. Fin<\/p>\n","protected":false},"excerpt":{"rendered":"<p>LA PAZ, 31 ago (Xinhua) &#8212; El comandante general de la Polic\u00eda Boliviana, general Mirko&#8230;<\/p>\n","protected":false},"author":1,"featured_media":0,"comment_status":"closed","ping_status":"closed","sticky":false,"template":"","format":"standard","meta":{"footnotes":""},"categories":[2],"tags":[],"class_list":["post-117845","post","type-post","status-publish","format-standard","hentry","category-internacional"],"_links":{"self":[{"href":"https:\/\/informadorweb.com\/index.php?rest_route=\/wp\/v2\/posts\/117845","targetHints":{"allow":["GET"]}}],"collection":[{"href":"https:\/\/informadorweb.com\/index.php?rest_route=\/wp\/v2\/posts"}],"about":[{"href":"https:\/\/informadorweb.com\/index.php?rest_route=\/wp\/v2\/types\/post"}],"author":[{"embeddable":true,"href":"https:\/\/informadorweb.com\/index.php?rest_route=\/wp\/v2\/users\/1"}],"replies":[{"embeddable":true,"href":"https:\/\/informadorweb.com\/index.php?rest_route=%2Fwp%2Fv2%2Fcomments&post=117845"}],"version-history":[{"count":1,"href":"https:\/\/informadorweb.com\/index.php?rest_route=\/wp\/v2\/posts\/117845\/revisions"}],"predecessor-version":[{"id":117846,"href":"https:\/\/informadorweb.com\/index.php?rest_route=\/wp\/v2\/posts\/117845\/revisions\/117846"}],"wp:attachment":[{"href":"https:\/\/informadorweb.com\/index.php?rest_route=%2Fwp%2Fv2%2Fmedia&parent=117845"}],"wp:term":[{"taxonomy":"category","embeddable":true,"href":"https:\/\/informadorweb.com\/index.php?rest_route=%2Fwp%2Fv2%2Fcategories&post=117845"},{"taxonomy":"post_tag","embeddable":true,"href":"https:\/\/informadorweb.com\/index.php?rest_route=%2Fwp%2Fv2%2Ftags&post=117845"}],"curies":[{"name":"wp","href":"https:\/\/api.w.org\/{rel}","templated":true}]}}