{"id":117843,"date":"2026-09-01T11:12:37","date_gmt":"2026-09-01T17:12:37","guid":{"rendered":"https:\/\/informadorweb.com\/?p=117843"},"modified":"2026-09-01T17:12:39","modified_gmt":"2026-09-01T17:12:39","slug":"tres-muertos-deja-ataque-armado-en-ciudad-costera-de-ecuador-en-pleno-estado-de-excepcion","status":"publish","type":"post","link":"https:\/\/informadorweb.com\/?p=117843","title":{"rendered":"Tres muertos deja ataque armado en ciudad costera de Ecuador en pleno estado de excepci\u00f3n"},"content":{"rendered":"<p>QUITO, 31 ago (Xinhua) &#8212; Tres personas fueron asesinadas y una adolescente result\u00f3 herida en un ataque armado ocurrido hoy lunes en Pascuales, una parroquia urbana ubicada al norte de Guayaquil, ciudad costera del suroeste de Ecuador y una de las m\u00e1s violentas del pa\u00eds, inform\u00f3 la Polic\u00eda Nacional. El ataque ocurri\u00f3 alrededor de las 04:00 hora local (09:00 GMT) en el sector conocido como Barrio Lindo, en medio de la vigencia de un estado de excepci\u00f3n renovado el pasado 14 de agosto por el Gobierno ante la escalada de violencia. Seg\u00fan los reportes policiales, cuatro hombres armados que se movilizaban en dos motocicletas llegaron hasta el lugar y abrieron fuego contra varias personas que se encontraban reunidas y consum\u00edan bebidas alcoh\u00f3licas en los exteriores de una vivienda. Como resultado del ataque murieron una mujer y dos hombres, mientras que una adolescente result\u00f3 herida por impactos de bala y fue trasladada a una casa de salud por los familiares. Seg\u00fan las investigaciones preliminares, los atacantes habr\u00edan realizado m\u00e1s de 10 disparos contra el grupo, mientras que agentes policiales iniciaron las indagaciones para determinar las circunstancias del ataque e identificar a los responsables del crimen. Ese ataque se suma a otros hechos violentos registrados el fin de semana pasado en distintos sectores de Guayaquil, donde al menos 11 personas fueron asesinadas y varias m\u00e1s resultaron heridas, en medio de la escalada de violencia que afecta a la ciudad. El caso m\u00e1s alarmante ocurri\u00f3 el domingo en un suburbio de Guayaquil, donde cinco hombres fueron hallados sin vida, maniatados y con signos de estrangulamiento, dentro de un veh\u00edculo abandonado, al tiempo que la Polic\u00eda investiga si el m\u00faltiple asesinato est\u00e1 relacionado con una disputa criminal. Guayaquil, la ciudad m\u00e1s poblada de Ecuador y uno de los principales focos de violencia criminal, permanece bajo estado de excepci\u00f3n por disposici\u00f3n del presidente Daniel Noboa, ante la \u00abgrave conmoci\u00f3n interna\u00bb, junto con otras nueve provincias afectadas. Fin<\/p>\n","protected":false},"excerpt":{"rendered":"<p>QUITO, 31 ago (Xinhua) &#8212; Tres personas fueron asesinadas y una adolescente result\u00f3 herida en&#8230;<\/p>\n","protected":false},"author":1,"featured_media":0,"comment_status":"closed","ping_status":"closed","sticky":false,"template":"","format":"standard","meta":{"footnotes":""},"categories":[2],"tags":[],"class_list":["post-117843","post","type-post","status-publish","format-standard","hentry","category-internacional"],"_links":{"self":[{"href":"https:\/\/informadorweb.com\/index.php?rest_route=\/wp\/v2\/posts\/117843","targetHints":{"allow":["GET"]}}],"collection":[{"href":"https:\/\/informadorweb.com\/index.php?rest_route=\/wp\/v2\/posts"}],"about":[{"href":"https:\/\/informadorweb.com\/index.php?rest_route=\/wp\/v2\/types\/post"}],"author":[{"embeddable":true,"href":"https:\/\/informadorweb.com\/index.php?rest_route=\/wp\/v2\/users\/1"}],"replies":[{"embeddable":true,"href":"https:\/\/informadorweb.com\/index.php?rest_route=%2Fwp%2Fv2%2Fcomments&post=117843"}],"version-history":[{"count":1,"href":"https:\/\/informadorweb.com\/index.php?rest_route=\/wp\/v2\/posts\/117843\/revisions"}],"predecessor-version":[{"id":117844,"href":"https:\/\/informadorweb.com\/index.php?rest_route=\/wp\/v2\/posts\/117843\/revisions\/117844"}],"wp:attachment":[{"href":"https:\/\/informadorweb.com\/index.php?rest_route=%2Fwp%2Fv2%2Fmedia&parent=117843"}],"wp:term":[{"taxonomy":"category","embeddable":true,"href":"https:\/\/informadorweb.com\/index.php?rest_route=%2Fwp%2Fv2%2Fcategories&post=117843"},{"taxonomy":"post_tag","embeddable":true,"href":"https:\/\/informadorweb.com\/index.php?rest_route=%2Fwp%2Fv2%2Ftags&post=117843"}],"curies":[{"name":"wp","href":"https:\/\/api.w.org\/{rel}","templated":true}]}}