{"id":117803,"date":"2026-09-01T10:58:05","date_gmt":"2026-09-01T16:58:05","guid":{"rendered":"https:\/\/informadorweb.com\/?p=117803"},"modified":"2026-09-01T16:58:07","modified_gmt":"2026-09-01T16:58:07","slug":"china-expresa-sus-mas-sentidas-condolencias-por-fallecimiento-del-rey-harald-v-de-noruega-afirma-portavoz-de-cancilleria","status":"publish","type":"post","link":"https:\/\/informadorweb.com\/?p=117803","title":{"rendered":"China expresa sus m\u00e1s sentidas condolencias por fallecimiento del rey Harald V de Noruega, afirma portavoz de canciller\u00eda"},"content":{"rendered":"<p>BEIJING, 31 ago (Xinhua) &#8212; China expresa su m\u00e1s sentido p\u00e9same por el fallecimiento del rey Harald V de Noruega y extiende sus m\u00e1s sinceras condolencias a la familia real noruega, al Gobierno y al pueblo de ese pa\u00eds, declar\u00f3 hoy lunes un portavoz del Ministerio de Relaciones Exteriores chino.<br \/>\nEl vocero Guo Jiakun afirm\u00f3 en una rueda de prensa diaria que el monarca, quien era profundamente respetado y querido por su pueblo, se dedic\u00f3 a fomentar la amistad entre Noruega y China, pa\u00eds que visit\u00f3 en numerosas ocasiones, y contribuy\u00f3 significativamente a la cooperaci\u00f3n y los intercambios entre ambas partes.<br \/>\nSeg\u00fan inform\u00f3 la casa real de Noruega, Harald V falleci\u00f3 el 28 de agosto, a los 89 a\u00f1os. De acuerdo con las normas de sucesi\u00f3n noruegas, el pr\u00edncipe heredero Haakon, de 53 a\u00f1os, ascendi\u00f3 inmediatamente al trono y se convirti\u00f3 en el nuevo rey del pa\u00eds. Fin<\/p>\n","protected":false},"excerpt":{"rendered":"<p>BEIJING, 31 ago (Xinhua) &#8212; China expresa su m\u00e1s sentido p\u00e9same por el fallecimiento del&#8230;<\/p>\n","protected":false},"author":1,"featured_media":0,"comment_status":"closed","ping_status":"closed","sticky":false,"template":"","format":"standard","meta":{"footnotes":""},"categories":[2],"tags":[],"class_list":["post-117803","post","type-post","status-publish","format-standard","hentry","category-internacional"],"_links":{"self":[{"href":"https:\/\/informadorweb.com\/index.php?rest_route=\/wp\/v2\/posts\/117803","targetHints":{"allow":["GET"]}}],"collection":[{"href":"https:\/\/informadorweb.com\/index.php?rest_route=\/wp\/v2\/posts"}],"about":[{"href":"https:\/\/informadorweb.com\/index.php?rest_route=\/wp\/v2\/types\/post"}],"author":[{"embeddable":true,"href":"https:\/\/informadorweb.com\/index.php?rest_route=\/wp\/v2\/users\/1"}],"replies":[{"embeddable":true,"href":"https:\/\/informadorweb.com\/index.php?rest_route=%2Fwp%2Fv2%2Fcomments&post=117803"}],"version-history":[{"count":1,"href":"https:\/\/informadorweb.com\/index.php?rest_route=\/wp\/v2\/posts\/117803\/revisions"}],"predecessor-version":[{"id":117804,"href":"https:\/\/informadorweb.com\/index.php?rest_route=\/wp\/v2\/posts\/117803\/revisions\/117804"}],"wp:attachment":[{"href":"https:\/\/informadorweb.com\/index.php?rest_route=%2Fwp%2Fv2%2Fmedia&parent=117803"}],"wp:term":[{"taxonomy":"category","embeddable":true,"href":"https:\/\/informadorweb.com\/index.php?rest_route=%2Fwp%2Fv2%2Fcategories&post=117803"},{"taxonomy":"post_tag","embeddable":true,"href":"https:\/\/informadorweb.com\/index.php?rest_route=%2Fwp%2Fv2%2Ftags&post=117803"}],"curies":[{"name":"wp","href":"https:\/\/api.w.org\/{rel}","templated":true}]}}