{"id":117791,"date":"2026-09-01T10:55:29","date_gmt":"2026-09-01T16:55:29","guid":{"rendered":"https:\/\/informadorweb.com\/?p=117791"},"modified":"2026-09-01T16:55:32","modified_gmt":"2026-09-01T16:55:32","slug":"vice-primer-ministro-chino-viajara-a-rusia-y-asistira-al-xi-foro-economico-oriental-celebrara-reuniones-de-comites-de-cooperacion-entre-ambos-paises-y-del-viii-foro-empresarial-de-energia","status":"publish","type":"post","link":"https:\/\/informadorweb.com\/?p=117791","title":{"rendered":"Vice primer ministro chino viajar\u00e1 a Rusia y asistir\u00e1 al XI Foro Econ\u00f3mico Oriental, celebrar\u00e1 reuniones de comit\u00e9s de cooperaci\u00f3n entre ambos pa\u00edses y del VIII Foro Empresarial de Energ\u00eda"},"content":{"rendered":"<p>BEIJING, 31 ago (Xinhua) &#8212; El vice primer ministro chino, Ding Xuexiang, viajar\u00e1 a Rusia del 2 al 4 de septiembre para asistir al XI Foro Econ\u00f3mico Oriental y celebrar la XIII reuni\u00f3n del Comit\u00e9 de Cooperaci\u00f3n en Inversiones China-Rusia, la XXIII reuni\u00f3n del Comit\u00e9 de Cooperaci\u00f3n en Energ\u00eda China-Rusia, y el VIII Foro Empresarial de Energ\u00eda China-Rusia, anunci\u00f3 hoy lunes un portavoz del Ministerio de Relaciones Exteriores chino. Ding, tambi\u00e9n miembro del Comit\u00e9 Permanente del Bur\u00f3 Pol\u00edtico del Comit\u00e9 Central del Partido Comunista de China, fue invitado por el Gobierno de la Federaci\u00f3n Rusa, a\u00f1adi\u00f3 el vocero. Fin<\/p>\n","protected":false},"excerpt":{"rendered":"<p>BEIJING, 31 ago (Xinhua) &#8212; El vice primer ministro chino, Ding Xuexiang, viajar\u00e1 a Rusia&#8230;<\/p>\n","protected":false},"author":1,"featured_media":0,"comment_status":"closed","ping_status":"closed","sticky":false,"template":"","format":"standard","meta":{"footnotes":""},"categories":[2],"tags":[],"class_list":["post-117791","post","type-post","status-publish","format-standard","hentry","category-internacional"],"_links":{"self":[{"href":"https:\/\/informadorweb.com\/index.php?rest_route=\/wp\/v2\/posts\/117791","targetHints":{"allow":["GET"]}}],"collection":[{"href":"https:\/\/informadorweb.com\/index.php?rest_route=\/wp\/v2\/posts"}],"about":[{"href":"https:\/\/informadorweb.com\/index.php?rest_route=\/wp\/v2\/types\/post"}],"author":[{"embeddable":true,"href":"https:\/\/informadorweb.com\/index.php?rest_route=\/wp\/v2\/users\/1"}],"replies":[{"embeddable":true,"href":"https:\/\/informadorweb.com\/index.php?rest_route=%2Fwp%2Fv2%2Fcomments&post=117791"}],"version-history":[{"count":1,"href":"https:\/\/informadorweb.com\/index.php?rest_route=\/wp\/v2\/posts\/117791\/revisions"}],"predecessor-version":[{"id":117792,"href":"https:\/\/informadorweb.com\/index.php?rest_route=\/wp\/v2\/posts\/117791\/revisions\/117792"}],"wp:attachment":[{"href":"https:\/\/informadorweb.com\/index.php?rest_route=%2Fwp%2Fv2%2Fmedia&parent=117791"}],"wp:term":[{"taxonomy":"category","embeddable":true,"href":"https:\/\/informadorweb.com\/index.php?rest_route=%2Fwp%2Fv2%2Fcategories&post=117791"},{"taxonomy":"post_tag","embeddable":true,"href":"https:\/\/informadorweb.com\/index.php?rest_route=%2Fwp%2Fv2%2Ftags&post=117791"}],"curies":[{"name":"wp","href":"https:\/\/api.w.org\/{rel}","templated":true}]}}