{"id":117517,"date":"2026-08-31T18:18:30","date_gmt":"2026-09-01T00:18:30","guid":{"rendered":"https:\/\/informadorweb.com\/?p=117517"},"modified":"2026-09-01T00:18:31","modified_gmt":"2026-09-01T00:18:31","slug":"ciclismo-cientos-de-ciclistas-venezolanos-recorren-entre-caracas-e-higuerote-en-homenaje-a-victimas-de-sismos","status":"publish","type":"post","link":"https:\/\/informadorweb.com\/?p=117517","title":{"rendered":"Ciclismo: Cientos de ciclistas venezolanos recorren entre Caracas e Higuerote en homenaje a v\u00edctimas de sismos"},"content":{"rendered":"<div class=\"detail-body-left\" data-v-e79c3ee4=\"\">\n<div class=\"el-scrollbar\" data-v-e79c3ee4=\"\">\n<div class=\"el-scrollbar__wrap\">\n<div class=\"el-scrollbar__view\">\n<div class=\"news-content\" data-v-e79c3ee4=\"\">CARACAS, 30 ago (Xinhua) &#8212; Unos 700 ciclistas participaron este domingo en la jornada \u00abPedaleamos por Venezuela\u00bb, al llevar a cabo un recorrido de 120 kil\u00f3metros entre Caracas y el monumento de la Virgen del Carmen, en la ciudad Higuerote, en homenaje a las v\u00edctimas de los sismos del 24 de junio. La partida se realiz\u00f3 a las 6:30 de la ma\u00f1ana desde los Monolitos del Paseo Los Pr\u00f3ceres, de Caracas, con un minuto de silencio en memoria de los fallecidos. Y luego, los participantes tomaron la ruta Caracas-Higuerote. El ministro del Deporte venezolano, Franklin Cardillo, acompa\u00f1\u00f3 la salida y destac\u00f3 la diversidad de los asistentes. \u00abHay participaci\u00f3n de todas las categor\u00edas: atletas de selecci\u00f3n nacional, ciclistas \u00e9lite y aficionados. Todos se unen para pedalear por el renacer de Venezuela\u00bb, declar\u00f3. La ciclista \u00e9lite Karelia Machado resalt\u00f3 el sentido colectivo de la actividad. \u00abEstoy aqu\u00ed apoyando a Venezuela. Hicimos estos 120 kil\u00f3metros en uni\u00f3n. Todos por una misma causa, por La Guaira y Caracas\u00bb, expres\u00f3. La jornada combin\u00f3 deporte, memoria y solidaridad. Los organizadores buscaron mantener viva la atenci\u00f3n sobre las comunidades afectadas por la cat\u00e1strofe, que dej\u00f3 6.509 fallecidos y da\u00f1os estimados en 37.000 millones de d\u00f3lares. Fin<\/div>\n<\/div>\n<\/div>\n<div class=\"el-scrollbar__bar is-horizontal\">\n<div class=\"el-scrollbar__thumb\"><\/div>\n<\/div>\n<div class=\"el-scrollbar__bar is-vertical\">\n<div class=\"el-scrollbar__thumb\"><\/div>\n<\/div>\n<\/div>\n<\/div>\n<div class=\"detail-body-right\" data-v-e79c3ee4=\"\">\n<div class=\"detail-body-right-top\" data-v-e79c3ee4=\"\">\n<div class=\"row1\" data-v-e79c3ee4=\"\"><\/div>\n<\/div>\n<\/div>\n","protected":false},"excerpt":{"rendered":"<p>CARACAS, 30 ago (Xinhua) &#8212; Unos 700 ciclistas participaron este domingo en la jornada \u00abPedaleamos&#8230;<\/p>\n","protected":false},"author":1,"featured_media":0,"comment_status":"closed","ping_status":"closed","sticky":false,"template":"","format":"standard","meta":{"footnotes":""},"categories":[2],"tags":[],"class_list":["post-117517","post","type-post","status-publish","format-standard","hentry","category-internacional"],"_links":{"self":[{"href":"https:\/\/informadorweb.com\/index.php?rest_route=\/wp\/v2\/posts\/117517","targetHints":{"allow":["GET"]}}],"collection":[{"href":"https:\/\/informadorweb.com\/index.php?rest_route=\/wp\/v2\/posts"}],"about":[{"href":"https:\/\/informadorweb.com\/index.php?rest_route=\/wp\/v2\/types\/post"}],"author":[{"embeddable":true,"href":"https:\/\/informadorweb.com\/index.php?rest_route=\/wp\/v2\/users\/1"}],"replies":[{"embeddable":true,"href":"https:\/\/informadorweb.com\/index.php?rest_route=%2Fwp%2Fv2%2Fcomments&post=117517"}],"version-history":[{"count":1,"href":"https:\/\/informadorweb.com\/index.php?rest_route=\/wp\/v2\/posts\/117517\/revisions"}],"predecessor-version":[{"id":117518,"href":"https:\/\/informadorweb.com\/index.php?rest_route=\/wp\/v2\/posts\/117517\/revisions\/117518"}],"wp:attachment":[{"href":"https:\/\/informadorweb.com\/index.php?rest_route=%2Fwp%2Fv2%2Fmedia&parent=117517"}],"wp:term":[{"taxonomy":"category","embeddable":true,"href":"https:\/\/informadorweb.com\/index.php?rest_route=%2Fwp%2Fv2%2Fcategories&post=117517"},{"taxonomy":"post_tag","embeddable":true,"href":"https:\/\/informadorweb.com\/index.php?rest_route=%2Fwp%2Fv2%2Ftags&post=117517"}],"curies":[{"name":"wp","href":"https:\/\/api.w.org\/{rel}","templated":true}]}}