{"id":117483,"date":"2026-08-31T18:10:15","date_gmt":"2026-09-01T00:10:15","guid":{"rendered":"https:\/\/informadorweb.com\/?p=117483"},"modified":"2026-09-01T00:10:16","modified_gmt":"2026-09-01T00:10:16","slug":"premier-islandesa-dice-que-gobierno-no-continuara-las-conversaciones-sobre-adhesion-a-ue","status":"publish","type":"post","link":"https:\/\/informadorweb.com\/?p=117483","title":{"rendered":"Premier islandesa dice que Gobierno no continuar\u00e1 las conversaciones sobre adhesi\u00f3n a UE"},"content":{"rendered":"<p>REIKIAVIK, 30 ago (Xinhua) &#8212; La primera ministra de Islandia, Kristrun Frostadottir, dijo hoy domingo que el actual Gobierno no seguir\u00eda adelante con las conversaciones sobre la reanudaci\u00f3n de la adhesi\u00f3n de Islandia a la Uni\u00f3n Europea (UE), luego de que el refer\u00e9ndum del s\u00e1bado mostrara que m\u00e1s votantes se oponen a las negociaciones de adhesi\u00f3n. Durante una conferencia de prensa, la primera ministra coment\u00f3 que el resultado de la elecci\u00f3n ser\u00e1 respetado y que no se entablar\u00e1n negociaciones de adhesi\u00f3n adicionales durante el mandato del Gobierno en turno. Los resultados de la votaci\u00f3n, publicados hoy por la emisora p\u00fablica islandesa RUV, mostraron que el 52,8 por ciento de los votantes se opusieron a las negociaciones, mientras que el 47,2 por ciento estuvo a favor. En total, se emitieron 225.031 votos, con una participaci\u00f3n del 82,5 por ciento, inform\u00f3 RUV. Frostadottir indic\u00f3 que intercambi\u00f3 mensajes con Ant\u00f3nio Costa, presidente del Consejo Europeo, y agreg\u00f3 que la UE es consciente de que a\u00fan existe un deseo de una relaci\u00f3n s\u00f3lida y continua entre Islandia y la UE. En 2009, Islandia solicit\u00f3 su ingreso a la UE. Las negociaciones de adhesi\u00f3n fueron suspendidas en 2013 luego de que un Gobierno euroesc\u00e9ptico asumiera el poder. Sin embargo, de acuerdo con documentos parlamentarios del pa\u00eds, la Comisi\u00f3n Europea sostuvo que la solicitud nunca fue retirada formalmente. La ministra de Asuntos Exteriores, Thorgerdur Katrin Gunnarsdottir, tiene planeado convocar a la Comisi\u00f3n de Asuntos Exteriores el 31 de agosto para discutir los \u00absiguientes pasos\u00bb. La reuni\u00f3n girar\u00e1 en torno a si se retira formalmente la solicitud de ingreso a la UE, se\u00f1al\u00f3 RUV. Fin<\/p>\n","protected":false},"excerpt":{"rendered":"<p>REIKIAVIK, 30 ago (Xinhua) &#8212; La primera ministra de Islandia, Kristrun Frostadottir, dijo hoy domingo&#8230;<\/p>\n","protected":false},"author":1,"featured_media":0,"comment_status":"closed","ping_status":"closed","sticky":false,"template":"","format":"standard","meta":{"footnotes":""},"categories":[2],"tags":[],"class_list":["post-117483","post","type-post","status-publish","format-standard","hentry","category-internacional"],"_links":{"self":[{"href":"https:\/\/informadorweb.com\/index.php?rest_route=\/wp\/v2\/posts\/117483","targetHints":{"allow":["GET"]}}],"collection":[{"href":"https:\/\/informadorweb.com\/index.php?rest_route=\/wp\/v2\/posts"}],"about":[{"href":"https:\/\/informadorweb.com\/index.php?rest_route=\/wp\/v2\/types\/post"}],"author":[{"embeddable":true,"href":"https:\/\/informadorweb.com\/index.php?rest_route=\/wp\/v2\/users\/1"}],"replies":[{"embeddable":true,"href":"https:\/\/informadorweb.com\/index.php?rest_route=%2Fwp%2Fv2%2Fcomments&post=117483"}],"version-history":[{"count":1,"href":"https:\/\/informadorweb.com\/index.php?rest_route=\/wp\/v2\/posts\/117483\/revisions"}],"predecessor-version":[{"id":117484,"href":"https:\/\/informadorweb.com\/index.php?rest_route=\/wp\/v2\/posts\/117483\/revisions\/117484"}],"wp:attachment":[{"href":"https:\/\/informadorweb.com\/index.php?rest_route=%2Fwp%2Fv2%2Fmedia&parent=117483"}],"wp:term":[{"taxonomy":"category","embeddable":true,"href":"https:\/\/informadorweb.com\/index.php?rest_route=%2Fwp%2Fv2%2Fcategories&post=117483"},{"taxonomy":"post_tag","embeddable":true,"href":"https:\/\/informadorweb.com\/index.php?rest_route=%2Fwp%2Fv2%2Ftags&post=117483"}],"curies":[{"name":"wp","href":"https:\/\/api.w.org\/{rel}","templated":true}]}}