{"id":117481,"date":"2026-08-31T18:09:55","date_gmt":"2026-09-01T00:09:55","guid":{"rendered":"https:\/\/informadorweb.com\/?p=117481"},"modified":"2026-09-01T00:09:56","modified_gmt":"2026-09-01T00:09:56","slug":"peruano-pacheco-y-etiope-asefa-se-coronan-campeones-de-maraton-de-la-ciudad-de-mexico","status":"publish","type":"post","link":"https:\/\/informadorweb.com\/?p=117481","title":{"rendered":"Peruano Pacheco y et\u00edope Asefa se coronan campeones de Marat\u00f3n de la Ciudad de M\u00e9xico"},"content":{"rendered":"<p>M\u00c9XICO, 30 ago (Xinhua) &#8212; El corredor peruano Cristhian Pacheco y la atleta et\u00edope Alemtsehay Asefa se coronaron campeones de la 43\u00aa edici\u00f3n del Marat\u00f3n de la Ciudad de M\u00e9xico en las ramas varonil y femenil, respectivamente, informaron hoy domingo los organizadores del evento deportivo. Pacheco recorri\u00f3 los 42 kil\u00f3metros de la prueba que tuvo como escenario a la capital mexicana en 2:10:03 horas, en tanto que el et\u00edope Anbesa Lencho lo hizo en 2:11:25 horas y su compatriota Balew Yihunie en 2:11:58 horas, para completar el podio entre los hombres. Por su parte, Asefa lleg\u00f3 a la meta en 2:29:28 horas, seguida de sus compatriotas Kidsan Alema (2:32:23) y Tefera Kolole (2:34:04). El peruano Pacheco indic\u00f3 a periodistas que la prueba se torn\u00f3 dif\u00edcil despu\u00e9s de haber recorrido los 32 kil\u00f3metros, debido a subidas constantes a partir de ese momento. \u00abFue una carrera muy complicada y a todos nos afect\u00f3 mucho la altura, pero logr\u00e9 llevarme el triunfo\u00bb, detall\u00f3 al concluir la competencia en la que participaron 30.000 corredores. En la divisi\u00f3n de \u00absilla de ruedas varonil\u00bb, el mexicano Gonzalo Valdovinos se adjudic\u00f3 el primer puesto con un tiempo de 1:39:15 horas, seguido por su compatriota Pedro Gandarilla (1:39:50), en tanto que el colombiano Luis Francisco Sanclemente marc\u00f3 1:40:46 horas. En la prueba femenil en silla de ruedas triunfaron las mexicanas Brenda Osnaya (2:00:20) y Yeni Hern\u00e1ndez (2:00:24). La l\u00ednea de partida se ubic\u00f3 en las afueras del Estadio Ol\u00edmpico Universitario, al sur de la urbe, con meta en el Z\u00f3calo del Centro Hist\u00f3rico de la Ciudad de M\u00e9xico, la principal plaza p\u00fablica del pa\u00eds. Fin<\/p>\n","protected":false},"excerpt":{"rendered":"<p>M\u00c9XICO, 30 ago (Xinhua) &#8212; El corredor peruano Cristhian Pacheco y la atleta et\u00edope Alemtsehay&#8230;<\/p>\n","protected":false},"author":1,"featured_media":0,"comment_status":"closed","ping_status":"closed","sticky":false,"template":"","format":"standard","meta":{"footnotes":""},"categories":[7],"tags":[],"class_list":["post-117481","post","type-post","status-publish","format-standard","hentry","category-nacional"],"_links":{"self":[{"href":"https:\/\/informadorweb.com\/index.php?rest_route=\/wp\/v2\/posts\/117481","targetHints":{"allow":["GET"]}}],"collection":[{"href":"https:\/\/informadorweb.com\/index.php?rest_route=\/wp\/v2\/posts"}],"about":[{"href":"https:\/\/informadorweb.com\/index.php?rest_route=\/wp\/v2\/types\/post"}],"author":[{"embeddable":true,"href":"https:\/\/informadorweb.com\/index.php?rest_route=\/wp\/v2\/users\/1"}],"replies":[{"embeddable":true,"href":"https:\/\/informadorweb.com\/index.php?rest_route=%2Fwp%2Fv2%2Fcomments&post=117481"}],"version-history":[{"count":1,"href":"https:\/\/informadorweb.com\/index.php?rest_route=\/wp\/v2\/posts\/117481\/revisions"}],"predecessor-version":[{"id":117482,"href":"https:\/\/informadorweb.com\/index.php?rest_route=\/wp\/v2\/posts\/117481\/revisions\/117482"}],"wp:attachment":[{"href":"https:\/\/informadorweb.com\/index.php?rest_route=%2Fwp%2Fv2%2Fmedia&parent=117481"}],"wp:term":[{"taxonomy":"category","embeddable":true,"href":"https:\/\/informadorweb.com\/index.php?rest_route=%2Fwp%2Fv2%2Fcategories&post=117481"},{"taxonomy":"post_tag","embeddable":true,"href":"https:\/\/informadorweb.com\/index.php?rest_route=%2Fwp%2Fv2%2Ftags&post=117481"}],"curies":[{"name":"wp","href":"https:\/\/api.w.org\/{rel}","templated":true}]}}