{"id":117089,"date":"2026-08-31T10:17:01","date_gmt":"2026-08-31T16:17:01","guid":{"rendered":"https:\/\/informadorweb.com\/?p=117089"},"modified":"2026-08-31T16:17:03","modified_gmt":"2026-08-31T16:17:03","slug":"netanyahu-emite-inusual-condena-a-violencia-de-colonos-en-cisjordania","status":"publish","type":"post","link":"https:\/\/informadorweb.com\/?p=117089","title":{"rendered":"Netanyahu emite inusual condena a violencia de colonos en Cisjordania"},"content":{"rendered":"<p>JERUSAL\u00c9N, 29 ago (Xinhua) &#8212; El primer ministro, Benjamin Netanyahu, emiti\u00f3 hoy s\u00e1bado una inusual condena a la violencia de los colonos en Cisjordania, donde describe a los ataques en las aldeas palestinas de Qusra y Jalud como \u00abcriminales\u00bb y pide a las autoridades arrestar a los responsables. \u00abCondeno en\u00e9rgicamente los actos criminales de violencia cometidos en las aldeas de Qusra y Jalud\u00bb, dijo Netanyahu en un comunicado y se refiri\u00f3 a los atacantes como \u00abun pu\u00f1ado de revoltosos que infringen la ley\u00bb. Netanyahu afirm\u00f3 que estos ataques \u00abperjudican la reputaci\u00f3n internacional de Israel\u00bb e interfieren con las operaciones del ej\u00e9rcito en Cisjordania. La condena se da luego de que presuntamente muchos palestinos resultaran heridos hoy durante ataques de colonos israel\u00edes en Cisjordania. Docenas de colonos israel\u00edes encapuchados allanaron Qusra e hirieron a varios palestinos en la reciente ola de violencia perpetrada por los colonos, de acuerdo con los reportes. En la aldea cercana de Jalud, colonos atacaron a una familia palestina y a periodistas extranjeros, vandalizaron su veh\u00edculo y agredieron f\u00edsicamente a miembros del equipo, de acuerdo con el activista Bashar al-Qaryouti. M\u00e1s de medio mill\u00f3n de colonos israel\u00edes viven en Cisjordania, que Israel ocup\u00f3 en 1967, junto con 3,4 millones de palestinos, de acuerdo con fuentes palestinas e israel\u00edes. La Oficina de la ONU para la Coordinaci\u00f3n de Asuntos Humanitarios document\u00f3 m\u00e1s de 1.330 ataques de colonos que causaron v\u00edctimas palestinas o da\u00f1os a sus propiedades en Cisjordania, desde el inicio de 2026 hasta finales de julio ocurren un promedio de seis incidentes diarios. De acuerdo con la Comisi\u00f3n de Colonizaci\u00f3n y Resistencia al Muro de la Organizaci\u00f3n para la Liberaci\u00f3n de Palestina, tan s\u00f3lo en junio las fuerzas y colonos de Israel han llevado a cabo 2.256 ataques contra palestinos y sus propiedades en Cisjordania. Fin<\/p>\n","protected":false},"excerpt":{"rendered":"<p>JERUSAL\u00c9N, 29 ago (Xinhua) &#8212; El primer ministro, Benjamin Netanyahu, emiti\u00f3 hoy s\u00e1bado una inusual&#8230;<\/p>\n","protected":false},"author":1,"featured_media":0,"comment_status":"closed","ping_status":"closed","sticky":false,"template":"","format":"standard","meta":{"footnotes":""},"categories":[2],"tags":[],"class_list":["post-117089","post","type-post","status-publish","format-standard","hentry","category-internacional"],"_links":{"self":[{"href":"https:\/\/informadorweb.com\/index.php?rest_route=\/wp\/v2\/posts\/117089","targetHints":{"allow":["GET"]}}],"collection":[{"href":"https:\/\/informadorweb.com\/index.php?rest_route=\/wp\/v2\/posts"}],"about":[{"href":"https:\/\/informadorweb.com\/index.php?rest_route=\/wp\/v2\/types\/post"}],"author":[{"embeddable":true,"href":"https:\/\/informadorweb.com\/index.php?rest_route=\/wp\/v2\/users\/1"}],"replies":[{"embeddable":true,"href":"https:\/\/informadorweb.com\/index.php?rest_route=%2Fwp%2Fv2%2Fcomments&post=117089"}],"version-history":[{"count":1,"href":"https:\/\/informadorweb.com\/index.php?rest_route=\/wp\/v2\/posts\/117089\/revisions"}],"predecessor-version":[{"id":117090,"href":"https:\/\/informadorweb.com\/index.php?rest_route=\/wp\/v2\/posts\/117089\/revisions\/117090"}],"wp:attachment":[{"href":"https:\/\/informadorweb.com\/index.php?rest_route=%2Fwp%2Fv2%2Fmedia&parent=117089"}],"wp:term":[{"taxonomy":"category","embeddable":true,"href":"https:\/\/informadorweb.com\/index.php?rest_route=%2Fwp%2Fv2%2Fcategories&post=117089"},{"taxonomy":"post_tag","embeddable":true,"href":"https:\/\/informadorweb.com\/index.php?rest_route=%2Fwp%2Fv2%2Ftags&post=117089"}],"curies":[{"name":"wp","href":"https:\/\/api.w.org\/{rel}","templated":true}]}}