{"id":117087,"date":"2026-08-31T10:16:40","date_gmt":"2026-08-31T16:16:40","guid":{"rendered":"https:\/\/informadorweb.com\/?p=117087"},"modified":"2026-08-31T16:16:41","modified_gmt":"2026-08-31T16:16:41","slug":"presidente-irani-senala-que-memorandum-de-entendimiento-de-paz-con-eeuu-responde-a-intereses-de-teheran","status":"publish","type":"post","link":"https:\/\/informadorweb.com\/?p=117087","title":{"rendered":"Presidente iran\u00ed se\u00f1ala que memor\u00e1ndum de entendimiento de paz con EEUU responde a intereses de Teher\u00e1n"},"content":{"rendered":"<p>TEHER\u00c1N, 29 ago (Xinhua) &#8212; El presidente iran\u00ed, Masoud Pezeshkian, afirm\u00f3 hoy s\u00e1bado que el memor\u00e1ndum de entendimiento de paz (MoU) firmado entre Ir\u00e1n y Estados Unidos responde a los intereses de la naci\u00f3n, de Asia Occidental y del mundo. Durante una ceremonia celebrada en la capital iran\u00ed, Teher\u00e1n, el presidente subray\u00f3 que con la implementaci\u00f3n del memor\u00e1ndum, Estados Unidos e Israel no podr\u00e1n causar caos, agresi\u00f3n e inseguridad en la regi\u00f3n, lo que permitir\u00e1 que los estados regionales puedan seguir el camino de la estabilidad y el desarrollo, de acuerdo con un comunicado publicado en el sitio de internet de su oficina. Pezeshkian enfatiz\u00f3 la necesidad de frustrar los \u00abplanes siniestros de los enemigos\u00bb mediante el fomento de la unidad y la solidaridad entre los Estados musulmanes. El presidente indic\u00f3 que Ir\u00e1n nunca ha sido el responsable de iniciar una guerra, y a\u00f1adi\u00f3, \u00abno deseamos la guerra, pero nos opondremos firmemente contra cualquier agresor, y ninguna potencia puede forzar a una naci\u00f3n que se mantiene en pie con todas sus fuerzas y voluntad a rendirse\u00bb. Tambi\u00e9n hoy s\u00e1bado, el ministro de Relaciones Exteriores de Ir\u00e1n, Seyed Abbas Araghchi, advirti\u00f3 a trav\u00e9s de una publicaci\u00f3n en redes sociales que se est\u00e1n llevando a cabo \u00abimportantes\u00bb esfuerzos para manipular los mercados energ\u00e9ticos globales en favor de beneficios personales y para prolongar la guerra de Estados Unidos contra Ir\u00e1n. Por su parte, el Cuerpo de los Guardianes de la Revoluci\u00f3n Isl\u00e1mica anunci\u00f3 el mismo d\u00eda que las fuerzas de seguridad del pa\u00eds asestaron un golpe \u00abdecisivo\u00bb a un grupo \u00abterrorista\u00bb afiliado con Estados Unidos e Israel en la provincia sudeste de Sist\u00e1n y Baluchist\u00e1n, el cual concluy\u00f3 con la muerte de uno de los miembros de este grupo y el arresto de otros seis. El 28 de febrero, Israel y Estados Unidos lanzaron ataques conjuntos contra Teher\u00e1n y otras ciudades iran\u00edes. Ir\u00e1n respondi\u00f3 con oleadas de ataques con misiles y ataques con drones dirigidos contra Israel y contra las bases y activos estadounidenses en la regi\u00f3n, y reforz\u00f3 su control sobre el estrecho de Ormuz. El 18 de junio, Estados Unidos e Ir\u00e1n firmaron el memor\u00e1ndum para poner fin a la guerra en la regi\u00f3n en todos los frentes. En virtud del memor\u00e1ndum, estaba programado que ambas partes entablaran negociaciones dentro de un plazo de 60 d\u00edas, el cual concluy\u00f3 el 17 de agosto, para alcanzar un acuerdo definitivo, sin embargo, el destino de las conversaciones se mantiene incierto tras la escalada en tensiones entre ambas naciones el mes pasado. Fin<\/p>\n","protected":false},"excerpt":{"rendered":"<p>TEHER\u00c1N, 29 ago (Xinhua) &#8212; El presidente iran\u00ed, Masoud Pezeshkian, afirm\u00f3 hoy s\u00e1bado que el&#8230;<\/p>\n","protected":false},"author":1,"featured_media":0,"comment_status":"closed","ping_status":"closed","sticky":false,"template":"","format":"standard","meta":{"footnotes":""},"categories":[2],"tags":[],"class_list":["post-117087","post","type-post","status-publish","format-standard","hentry","category-internacional"],"_links":{"self":[{"href":"https:\/\/informadorweb.com\/index.php?rest_route=\/wp\/v2\/posts\/117087","targetHints":{"allow":["GET"]}}],"collection":[{"href":"https:\/\/informadorweb.com\/index.php?rest_route=\/wp\/v2\/posts"}],"about":[{"href":"https:\/\/informadorweb.com\/index.php?rest_route=\/wp\/v2\/types\/post"}],"author":[{"embeddable":true,"href":"https:\/\/informadorweb.com\/index.php?rest_route=\/wp\/v2\/users\/1"}],"replies":[{"embeddable":true,"href":"https:\/\/informadorweb.com\/index.php?rest_route=%2Fwp%2Fv2%2Fcomments&post=117087"}],"version-history":[{"count":1,"href":"https:\/\/informadorweb.com\/index.php?rest_route=\/wp\/v2\/posts\/117087\/revisions"}],"predecessor-version":[{"id":117088,"href":"https:\/\/informadorweb.com\/index.php?rest_route=\/wp\/v2\/posts\/117087\/revisions\/117088"}],"wp:attachment":[{"href":"https:\/\/informadorweb.com\/index.php?rest_route=%2Fwp%2Fv2%2Fmedia&parent=117087"}],"wp:term":[{"taxonomy":"category","embeddable":true,"href":"https:\/\/informadorweb.com\/index.php?rest_route=%2Fwp%2Fv2%2Fcategories&post=117087"},{"taxonomy":"post_tag","embeddable":true,"href":"https:\/\/informadorweb.com\/index.php?rest_route=%2Fwp%2Fv2%2Ftags&post=117087"}],"curies":[{"name":"wp","href":"https:\/\/api.w.org\/{rel}","templated":true}]}}