{"id":11242,"date":"2026-02-19T10:53:17","date_gmt":"2026-02-19T16:53:17","guid":{"rendered":"https:\/\/informadorweb.com\/?p=11242"},"modified":"2026-02-19T16:53:18","modified_gmt":"2026-02-19T16:53:18","slug":"avance-legislador-izquierdista-jose-balcazar-es-elegido-nuevo-presidente-del-congreso-de-peru","status":"publish","type":"post","link":"https:\/\/informadorweb.com\/?p=11242","title":{"rendered":"Avance: Legislador izquierdista Jos\u00e9 Balc\u00e1zar es elegido nuevo presidente del Congreso de Per\u00fa"},"content":{"rendered":"<p>LIMA, 18 feb (Xinhua) &#8212; El parlamentario Jos\u00e9 Balc\u00e1zar, del partido izquierdista Per\u00fa Libre, fue elegido este mi\u00e9rcoles como nuevo presidente del Congreso de Per\u00fa, en el marco de una sesi\u00f3n extraordinaria convocada igualmente para juramentar a la persona electa como nuevo presidente interino de la Rep\u00fablica. La elecci\u00f3n y posterior juramentaci\u00f3n de Balc\u00e1zar como m\u00e1xima autoridad del Legislativo se produjo despu\u00e9s de que el Congreso destituyese un d\u00eda antes a Jos\u00e9 Jer\u00ed, quien se desempe\u00f1\u00f3 hasta ese momento como presidente interino del pa\u00eds sudamericano. \u00abS\u00ed, juro\u00bb, respondi\u00f3 Balc\u00e1zar durante su investidura como nuevo presidente del Congreso ante Fernando Rospigliosi, primer vicepresidente del Congreso. Fin<\/p>\n","protected":false},"excerpt":{"rendered":"<p>LIMA, 18 feb (Xinhua) &#8212; El parlamentario Jos\u00e9 Balc\u00e1zar, del partido izquierdista Per\u00fa Libre, fue&#8230;<\/p>\n","protected":false},"author":1,"featured_media":0,"comment_status":"closed","ping_status":"closed","sticky":false,"template":"","format":"standard","meta":{"footnotes":""},"categories":[2],"tags":[],"class_list":["post-11242","post","type-post","status-publish","format-standard","hentry","category-internacional"],"_links":{"self":[{"href":"https:\/\/informadorweb.com\/index.php?rest_route=\/wp\/v2\/posts\/11242","targetHints":{"allow":["GET"]}}],"collection":[{"href":"https:\/\/informadorweb.com\/index.php?rest_route=\/wp\/v2\/posts"}],"about":[{"href":"https:\/\/informadorweb.com\/index.php?rest_route=\/wp\/v2\/types\/post"}],"author":[{"embeddable":true,"href":"https:\/\/informadorweb.com\/index.php?rest_route=\/wp\/v2\/users\/1"}],"replies":[{"embeddable":true,"href":"https:\/\/informadorweb.com\/index.php?rest_route=%2Fwp%2Fv2%2Fcomments&post=11242"}],"version-history":[{"count":1,"href":"https:\/\/informadorweb.com\/index.php?rest_route=\/wp\/v2\/posts\/11242\/revisions"}],"predecessor-version":[{"id":11243,"href":"https:\/\/informadorweb.com\/index.php?rest_route=\/wp\/v2\/posts\/11242\/revisions\/11243"}],"wp:attachment":[{"href":"https:\/\/informadorweb.com\/index.php?rest_route=%2Fwp%2Fv2%2Fmedia&parent=11242"}],"wp:term":[{"taxonomy":"category","embeddable":true,"href":"https:\/\/informadorweb.com\/index.php?rest_route=%2Fwp%2Fv2%2Fcategories&post=11242"},{"taxonomy":"post_tag","embeddable":true,"href":"https:\/\/informadorweb.com\/index.php?rest_route=%2Fwp%2Fv2%2Ftags&post=11242"}],"curies":[{"name":"wp","href":"https:\/\/api.w.org\/{rel}","templated":true}]}}